{"id":36743,"date":"2025-06-21T12:35:46","date_gmt":"2025-06-21T09:35:46","guid":{"rendered":"https:\/\/www.egemtv.com\/?p=36743"},"modified":"2025-06-21T12:35:51","modified_gmt":"2025-06-21T09:35:51","slug":"goktepede-zeytinyagi-etkinligi","status":"publish","type":"post","link":"https:\/\/www.egemtv.com\/?p=36743","title":{"rendered":"G\u00f6ktepe\u2019de Zeytinya\u011f\u0131 etkinli\u011fi"},"content":{"rendered":"<p>Mu\u011fla\u2019n\u0131n Mente\u015fe il\u00e7esi G\u00f6ktepe Mahallesi\u2019nde zeytinya\u011f\u0131 etkinli\u011fi d\u00fczenlendi. Etkinlik, G\u00f6ktepe Zeytinya\u011f\u0131 Fabrikas\u0131n\u0131n ev sahipli\u011finde yap\u0131ld\u0131.<br \/>\n<br \/>Mu\u011fla Tar\u0131m ve Orman M\u00fcd\u00fcr\u00fc Seyfettin Baydar etkinlikte yapt\u0131\u011f\u0131 konu\u015fmada, Mu\u011fla\u2019n\u0131n zeytin \u00fcretimindeki g\u00fcc\u00fcne dikkat \u00e7ekerek, 2024 T\u00dc\u0130K verilerine g\u00f6re 996 bin 006 dekar alanda zeytin varl\u0131\u011f\u0131 bulundu\u011funu, bunun 951 bin 843 dekar\u0131n\u0131n ya\u011fl\u0131k zeytin oldu\u011funu belirtti. \u0130l M\u00fcd\u00fcr\u00fc Baydar, 156 bin 238 tonluk ya\u011fl\u0131k zeytin \u00fcretimi ile Mu\u011fla\u2019n\u0131n T\u00fcrkiye\u2019nin \u00f6nemli zeytin \u00fcretim merkezlerinden biri oldu\u011funu vurgulad\u0131.<br \/>\n<br \/>Baydar, &#8220;Zeytinin Zeytinya\u011f\u0131na Kay\u0131ps\u0131z ve Kaliteli Yolculu\u011fu&#8221; projesiyle ba\u015flat\u0131lan Zeytinya\u011f\u0131 Kalite Yar\u0131\u015fmas\u0131n\u0131n bu y\u0131l 6\u2019nc\u0131s\u0131n\u0131n d\u00fczenlendi\u011fini ve 184 ba\u015fvuru ile rekor kat\u0131l\u0131m sa\u011fland\u0131\u011f\u0131n\u0131 belirtti. Yar\u0131\u015fmada; 10 Premium, 51 Alt\u0131n, 20 G\u00fcm\u00fc\u015f ve 26 Bronz madalya da\u011f\u0131t\u0131ld\u0131\u011f\u0131n\u0131, bunlardan \u00f6nemli bir k\u0131sm\u0131n\u0131n Mente\u015fe il\u00e7esinden geldi\u011fini ifade etti.<br \/>\n<br \/>Zeytin \u00fcretiminin yayg\u0131nla\u015ft\u0131r\u0131lmas\u0131 i\u00e7in Mu\u011fla\u2019da y\u00fcr\u00fct\u00fclen fidan destekleme \u00e7al\u0131\u015fmalar\u0131nda G\u00f6ktepe b\u00f6lgesinde 14 bin 500 dekarl\u0131k alanda zeytinlik tesis edildi\u011fini, y\u0131lda Bin 450 ton zeytinya\u011f\u0131 \u00fcretimi yap\u0131ld\u0131\u011f\u0131n\u0131 belirten Baydar, b\u00f6lgede \u00fc\u00e7 b\u00fcy\u00fck ve bir butik olmak \u00fczere d\u00f6rt zeytinya\u011f\u0131 i\u015fletmesinin faaliyete ge\u00e7ti\u011fini s\u00f6yledi.<br \/>\n<br \/>Mu\u011fla Vali Yard\u0131mc\u0131s\u0131 Murat Kahraman da etkinlikte yapt\u0131\u011f\u0131 konu\u015fmada, \u0130l M\u00fcd\u00fcrl\u00fc\u011f\u00fcyle y\u00fcr\u00fct\u00fclen \u00e7al\u0131\u015fmalar\u0131n meyvelerini g\u00f6rmekten memnuniyet duydu\u011funu ifade ederek, modern s\u0131k\u0131m tesislerinin art\u0131r\u0131lmas\u0131n\u0131n zeytincilikte kaliteyi art\u0131raca\u011f\u0131na dikkat \u00e7ekti.<br \/>\n<br \/>Etkinli\u011fe, Mu\u011fla Vali Yard\u0131mc\u0131s\u0131 Murat Kahraman, \u0130l Tar\u0131m ve Orman M\u00fcd\u00fcr\u00fc Seyfettin Baydar, Mente\u015fe \u0130l\u00e7e Tar\u0131m M\u00fcd\u00fcr\u00fc Eren Ka\u00e7maz, Mu\u011fla Ticaret ve Sanayi Odas\u0131 Ba\u015fkan\u0131 B\u00fclent Karaku\u015f, siyasi parti ve STK temsilcileri, mahalle muhtarlar\u0131 ve \u00fcreticiler kat\u0131ld\u0131.<br \/><\/p>\n","protected":false},"excerpt":{"rendered":"<p>Mu\u011fla\u2019n\u0131n Mente\u015fe il\u00e7esi G\u00f6ktepe Mahallesi\u2019nde zeytinya\u011f\u0131 etkinli\u011fi d\u00fczenlendi. Etkinlik, G\u00f6ktepe Zeytinya\u011f\u0131 Fabrikas\u0131n\u0131n ev sahipli\u011finde yap\u0131ld\u0131. Mu\u011fla Tar\u0131m ve Orman M\u00fcd\u00fcr\u00fc Seyfettin Baydar etkinlikte yapt\u0131\u011f\u0131 konu\u015fmada, Mu\u011fla\u2019n\u0131n zeytin \u00fcretimindeki g\u00fcc\u00fcne dikkat \u00e7ekerek, 2024 T\u00dc\u0130K verilerine g\u00f6re 996 bin 006 dekar alanda zeytin varl\u0131\u011f\u0131 bulundu\u011funu, bunun 951 bin 843 dekar\u0131n\u0131n ya\u011fl\u0131k zeytin oldu\u011funu belirtti. \u0130l M\u00fcd\u00fcr\u00fc Baydar,&#8230;<\/p>\n","protected":false},"author":1,"featured_media":36744,"comment_status":"open","ping_status":"open","sticky":false,"template":"","format":"standard","meta":{"_crdt_document":"","footnotes":""},"categories":[125],"tags":[],"class_list":["post-36743","post","type-post","status-publish","format-standard","has-post-thumbnail","hentry","category-ekonomi"],"_links":{"self":[{"href":"https:\/\/www.egemtv.com\/index.php?rest_route=\/wp\/v2\/posts\/36743","targetHints":{"allow":["GET"]}}],"collection":[{"href":"https:\/\/www.egemtv.com\/index.php?rest_route=\/wp\/v2\/posts"}],"about":[{"href":"https:\/\/www.egemtv.com\/index.php?rest_route=\/wp\/v2\/types\/post"}],"author":[{"embeddable":true,"href":"https:\/\/www.egemtv.com\/index.php?rest_route=\/wp\/v2\/users\/1"}],"replies":[{"embeddable":true,"href":"https:\/\/www.egemtv.com\/index.php?rest_route=%2Fwp%2Fv2%2Fcomments&post=36743"}],"version-history":[{"count":1,"href":"https:\/\/www.egemtv.com\/index.php?rest_route=\/wp\/v2\/posts\/36743\/revisions"}],"predecessor-version":[{"id":36745,"href":"https:\/\/www.egemtv.com\/index.php?rest_route=\/wp\/v2\/posts\/36743\/revisions\/36745"}],"wp:featuredmedia":[{"embeddable":true,"href":"https:\/\/www.egemtv.com\/index.php?rest_route=\/wp\/v2\/media\/36744"}],"wp:attachment":[{"href":"https:\/\/www.egemtv.com\/index.php?rest_route=%2Fwp%2Fv2%2Fmedia&parent=36743"}],"wp:term":[{"taxonomy":"category","embeddable":true,"href":"https:\/\/www.egemtv.com\/index.php?rest_route=%2Fwp%2Fv2%2Fcategories&post=36743"},{"taxonomy":"post_tag","embeddable":true,"href":"https:\/\/www.egemtv.com\/index.php?rest_route=%2Fwp%2Fv2%2Ftags&post=36743"}],"curies":[{"name":"wp","href":"https:\/\/api.w.org\/{rel}","templated":true}]}}