{"id":36740,"date":"2025-06-21T12:15:39","date_gmt":"2025-06-21T09:15:39","guid":{"rendered":"https:\/\/www.egemtv.com\/?p=36740"},"modified":"2025-06-21T12:15:44","modified_gmt":"2025-06-21T09:15:44","slug":"muglada-sinava-dakikalar-kala-zabita-ekiplerinden-adaylara-destek","status":"publish","type":"post","link":"https:\/\/www.egemtv.com\/?p=36740","title":{"rendered":"Mu\u011fla\u2019da s\u0131nava dakikalar kala zab\u0131ta ekiplerinden adaylara destek"},"content":{"rendered":"<p>Mu\u011fla\u2019da ger\u00e7ekle\u015ftirilen \u00d6l\u00e7me, Se\u00e7me ve Yerle\u015ftirme Merkezi (\u00d6SYM) s\u0131nav\u0131na dakikalar kala baz\u0131 adaylar, \u00e7e\u015fitli nedenlerle s\u0131nav salonlar\u0131na ula\u015fmakta zorluk ya\u015fad\u0131. Trafik yo\u011funlu\u011fu, s\u0131nav yerinin kar\u0131\u015ft\u0131r\u0131lmas\u0131 ve ge\u00e7 kalma gibi sebeplerle panikleyen adaylar\u0131n yard\u0131m\u0131na ise Mu\u011fla B\u00fcy\u00fck\u015fehir Belediyesi Zab\u0131ta Daire Ba\u015fkanl\u0131\u011f\u0131 ekipleri yeti\u015fti.<\/p>\n<p>Sabah\u0131n erken saatlerinden itibaren s\u0131nav merkezlerinin \u00e7evresinde g\u00f6rev alan zab\u0131ta ekipleri, s\u0131nav stresiyle zor anlar ya\u015fayan \u00f6\u011frencilere destek oldu. Baz\u0131 adaylar, s\u0131nav giri\u015f belgelerinde yazan adresleri kar\u0131\u015ft\u0131rarak yanl\u0131\u015f okullara y\u00f6nelirken, baz\u0131lar\u0131 ise trafik nedeniyle zamanla yar\u0131\u015fmak zorunda kald\u0131. Zab\u0131ta ekipleri, s\u0131nav yerini bulamayan ya da zamanla yar\u0131\u015fan adaylar\u0131 ara\u00e7lar\u0131na alarak en h\u0131zl\u0131 \u015fekilde ilgili s\u0131nav salonlar\u0131na ula\u015ft\u0131rd\u0131.<br \/><\/p>\n","protected":false},"excerpt":{"rendered":"<p>Mu\u011fla\u2019da ger\u00e7ekle\u015ftirilen \u00d6l\u00e7me, Se\u00e7me ve Yerle\u015ftirme Merkezi (\u00d6SYM) s\u0131nav\u0131na dakikalar kala baz\u0131 adaylar, \u00e7e\u015fitli nedenlerle s\u0131nav salonlar\u0131na ula\u015fmakta zorluk ya\u015fad\u0131. Trafik yo\u011funlu\u011fu, s\u0131nav yerinin kar\u0131\u015ft\u0131r\u0131lmas\u0131 ve ge\u00e7 kalma gibi sebeplerle panikleyen adaylar\u0131n yard\u0131m\u0131na ise Mu\u011fla B\u00fcy\u00fck\u015fehir Belediyesi Zab\u0131ta Daire Ba\u015fkanl\u0131\u011f\u0131 ekipleri yeti\u015fti. Sabah\u0131n erken saatlerinden itibaren s\u0131nav merkezlerinin \u00e7evresinde g\u00f6rev alan zab\u0131ta ekipleri, s\u0131nav stresiyle&#8230;<\/p>\n","protected":false},"author":1,"featured_media":36741,"comment_status":"open","ping_status":"open","sticky":false,"template":"","format":"standard","meta":{"_crdt_document":"","footnotes":""},"categories":[1],"tags":[],"class_list":["post-36740","post","type-post","status-publish","format-standard","has-post-thumbnail","hentry","category-guncel"],"_links":{"self":[{"href":"https:\/\/www.egemtv.com\/index.php?rest_route=\/wp\/v2\/posts\/36740","targetHints":{"allow":["GET"]}}],"collection":[{"href":"https:\/\/www.egemtv.com\/index.php?rest_route=\/wp\/v2\/posts"}],"about":[{"href":"https:\/\/www.egemtv.com\/index.php?rest_route=\/wp\/v2\/types\/post"}],"author":[{"embeddable":true,"href":"https:\/\/www.egemtv.com\/index.php?rest_route=\/wp\/v2\/users\/1"}],"replies":[{"embeddable":true,"href":"https:\/\/www.egemtv.com\/index.php?rest_route=%2Fwp%2Fv2%2Fcomments&post=36740"}],"version-history":[{"count":1,"href":"https:\/\/www.egemtv.com\/index.php?rest_route=\/wp\/v2\/posts\/36740\/revisions"}],"predecessor-version":[{"id":36742,"href":"https:\/\/www.egemtv.com\/index.php?rest_route=\/wp\/v2\/posts\/36740\/revisions\/36742"}],"wp:featuredmedia":[{"embeddable":true,"href":"https:\/\/www.egemtv.com\/index.php?rest_route=\/wp\/v2\/media\/36741"}],"wp:attachment":[{"href":"https:\/\/www.egemtv.com\/index.php?rest_route=%2Fwp%2Fv2%2Fmedia&parent=36740"}],"wp:term":[{"taxonomy":"category","embeddable":true,"href":"https:\/\/www.egemtv.com\/index.php?rest_route=%2Fwp%2Fv2%2Fcategories&post=36740"},{"taxonomy":"post_tag","embeddable":true,"href":"https:\/\/www.egemtv.com\/index.php?rest_route=%2Fwp%2Fv2%2Ftags&post=36740"}],"curies":[{"name":"wp","href":"https:\/\/api.w.org\/{rel}","templated":true}]}}