{"id":36737,"date":"2025-06-21T12:15:33","date_gmt":"2025-06-21T09:15:33","guid":{"rendered":"https:\/\/www.egemtv.com\/?p=36737"},"modified":"2025-06-21T12:15:38","modified_gmt":"2025-06-21T09:15:38","slug":"yerli-domates-cikti","status":"publish","type":"post","link":"https:\/\/www.egemtv.com\/?p=36737","title":{"rendered":"Yerli domates \u00e7\u0131kt\u0131"},"content":{"rendered":"<p>Ayd\u0131n\u2019\u0131n \u0130ncirliova il\u00e7esinde yerli tarla domatesi \u00e7\u0131kt\u0131, kilosu 30 TL\u2019den sat\u0131\u015fa sunuluyor.<\/p>\n<p>\u0130ncirliova\u2019n\u0131n Acarlar Mahallesinde bulunan halde esnaf\u0131n yan\u0131 s\u0131ra \u00fcreticiler de \u00fcr\u00fcnlerinin sat\u0131\u015f\u0131n\u0131 ger\u00e7ekle\u015ftiriyor. \u0130\u015f\u00e7iler taraf\u0131ndan toplanan mahsuller hale getirilip al\u0131c\u0131n\u0131n be\u011fenisine sunuluyor. Acarlar\u2019da 20 dekar alanda domates \u00fcretimi yapan Hakan Y\u0131ld\u0131z, ilk mahsulleri toplamaya ba\u015flad\u0131klar\u0131n\u0131 ve halde sat\u0131\u015f\u0131n\u0131 ger\u00e7ekle\u015ftirdiklerini s\u00f6yledi. Kilosu 30 TL\u2019den sat\u0131lan yerli domateslerin \u00e7ok lezzetli oldu\u011funu kaydeden Y\u0131ld\u0131z, yerli domatesin mis kokusunun hali sard\u0131\u011f\u0131n\u0131 ifade etti.<br \/>\n<br \/>Domates \u00fcretici Y\u0131ld\u0131z, &#8220;2025 y\u0131l\u0131n\u0131n ilk yerli domatesleri \u00e7\u0131kt\u0131. Sabah erken saatte domatesleri topluyoruz. Bir r\u00f6mork domatesi, Acarlar haline getirdik. Domatesleri sat\u0131\u015fa sunduk. Yerli domateslerimiz \u00e7ok lezzetli. Su problemimiz Allah\u2019a \u015f\u00fck\u00fcr&#8221; dedi.<br \/><\/p>\n","protected":false},"excerpt":{"rendered":"<p>Ayd\u0131n\u2019\u0131n \u0130ncirliova il\u00e7esinde yerli tarla domatesi \u00e7\u0131kt\u0131, kilosu 30 TL\u2019den sat\u0131\u015fa sunuluyor. \u0130ncirliova\u2019n\u0131n Acarlar Mahallesinde bulunan halde esnaf\u0131n yan\u0131 s\u0131ra \u00fcreticiler de \u00fcr\u00fcnlerinin sat\u0131\u015f\u0131n\u0131 ger\u00e7ekle\u015ftiriyor. \u0130\u015f\u00e7iler taraf\u0131ndan toplanan mahsuller hale getirilip al\u0131c\u0131n\u0131n be\u011fenisine sunuluyor. Acarlar\u2019da 20 dekar alanda domates \u00fcretimi yapan Hakan Y\u0131ld\u0131z, ilk mahsulleri toplamaya ba\u015flad\u0131klar\u0131n\u0131 ve halde sat\u0131\u015f\u0131n\u0131 ger\u00e7ekle\u015ftirdiklerini s\u00f6yledi. Kilosu 30 TL\u2019den&#8230;<\/p>\n","protected":false},"author":1,"featured_media":36738,"comment_status":"open","ping_status":"open","sticky":false,"template":"","format":"standard","meta":{"_crdt_document":"","footnotes":""},"categories":[1],"tags":[],"class_list":["post-36737","post","type-post","status-publish","format-standard","has-post-thumbnail","hentry","category-guncel"],"_links":{"self":[{"href":"https:\/\/www.egemtv.com\/index.php?rest_route=\/wp\/v2\/posts\/36737","targetHints":{"allow":["GET"]}}],"collection":[{"href":"https:\/\/www.egemtv.com\/index.php?rest_route=\/wp\/v2\/posts"}],"about":[{"href":"https:\/\/www.egemtv.com\/index.php?rest_route=\/wp\/v2\/types\/post"}],"author":[{"embeddable":true,"href":"https:\/\/www.egemtv.com\/index.php?rest_route=\/wp\/v2\/users\/1"}],"replies":[{"embeddable":true,"href":"https:\/\/www.egemtv.com\/index.php?rest_route=%2Fwp%2Fv2%2Fcomments&post=36737"}],"version-history":[{"count":1,"href":"https:\/\/www.egemtv.com\/index.php?rest_route=\/wp\/v2\/posts\/36737\/revisions"}],"predecessor-version":[{"id":36739,"href":"https:\/\/www.egemtv.com\/index.php?rest_route=\/wp\/v2\/posts\/36737\/revisions\/36739"}],"wp:featuredmedia":[{"embeddable":true,"href":"https:\/\/www.egemtv.com\/index.php?rest_route=\/wp\/v2\/media\/36738"}],"wp:attachment":[{"href":"https:\/\/www.egemtv.com\/index.php?rest_route=%2Fwp%2Fv2%2Fmedia&parent=36737"}],"wp:term":[{"taxonomy":"category","embeddable":true,"href":"https:\/\/www.egemtv.com\/index.php?rest_route=%2Fwp%2Fv2%2Fcategories&post=36737"},{"taxonomy":"post_tag","embeddable":true,"href":"https:\/\/www.egemtv.com\/index.php?rest_route=%2Fwp%2Fv2%2Ftags&post=36737"}],"curies":[{"name":"wp","href":"https:\/\/api.w.org\/{rel}","templated":true}]}}