{"id":36734,"date":"2025-06-21T12:15:28","date_gmt":"2025-06-21T09:15:28","guid":{"rendered":"https:\/\/www.egemtv.com\/?p=36734"},"modified":"2025-06-21T12:15:33","modified_gmt":"2025-06-21T09:15:33","slug":"mentesede-ciftcilere-hastalik-ve-zararli-kontrolu-destegi","status":"publish","type":"post","link":"https:\/\/www.egemtv.com\/?p=36734","title":{"rendered":"Mente\u015fe\u2019de \u00e7ift\u00e7ilere hastal\u0131k ve zararl\u0131 kontrol\u00fc deste\u011fi"},"content":{"rendered":"<p>Mente\u015fe \u0130l\u00e7e Tar\u0131m ve Orman M\u00fcd\u00fcrl\u00fc\u011f\u00fc ekipleri, tar\u0131msal hastal\u0131k ve zararl\u0131larla m\u00fccadele kapsam\u0131nda sahadaki \u00e7al\u0131\u015fmalar\u0131n\u0131 s\u00fcrd\u00fcr\u00fcyor. Bu kapsamda ekipler, Kafaca Mahallesi\u2019nde \u00e7ilek ve domates \u00fcretimi yapan \u00e7ift\u00e7ileri ziyaret ederek, bitki sa\u011fl\u0131\u011f\u0131 kontrollerinde bulundu.<\/p>\n<p>Ger\u00e7ekle\u015ftirilen teknik inceleme ziyaretinde, \u00e7ilek ve domates tarlalar\u0131nda yerinde hastal\u0131k ve zararl\u0131 kontrolleri yap\u0131larak, \u00fcreticilere mevcut durum hakk\u0131nda bilgilendirme yap\u0131ld\u0131. Tarla g\u00f6zlemlerinin yan\u0131 s\u0131ra, zararl\u0131larla m\u00fccadelede al\u0131nmas\u0131 gereken biyoteknik ve kimyasal \u00f6nlemler konusunda da \u00fcreticilere detayl\u0131 bilgi verildi. Yetkililer, \u00fcretimin s\u00fcrd\u00fcr\u00fclebilirli\u011fi a\u00e7\u0131s\u0131ndan d\u00fczenli tarla kontrollerinin \u00f6nemine dikkat \u00e7ekerek, \u00fcreticilerin hastal\u0131k belirtileri ya da zararl\u0131 g\u00f6zlemi durumunda vakit kaybetmeden m\u00fcd\u00fcrl\u00fckle ileti\u015fime ge\u00e7melerini istedi.<\/p>\n<p>Mente\u015fe \u0130l\u00e7e Tar\u0131m ve Orman M\u00fcd\u00fcrl\u00fc\u011f\u00fc taraf\u0131ndan yap\u0131lan a\u00e7\u0131klamada, &#8220;B\u00f6lgemizde tar\u0131msal \u00fcretimin verimli ve sa\u011fl\u0131kl\u0131 s\u00fcrd\u00fcr\u00fclebilmesi i\u00e7in d\u00fczenli olarak \u00e7ift\u00e7i ziyaretlerimizi s\u00fcrd\u00fcr\u00fcyoruz. Bug\u00fcn Kafaca Mahallemizde \u00e7ilek ve domates \u00fcretimi yapan \u00e7ift\u00e7ilerimizle bir araya geldik. Bitki sa\u011fl\u0131\u011f\u0131n\u0131 tehdit eden unsurlara kar\u015f\u0131 erken m\u00fcdahale ile hem verimlili\u011fi art\u0131rmak hem de \u00e7ift\u00e7imizin eme\u011fini korumak \u00f6nceli\u011fimizdir&#8221; ifadelerine yer verildi.<br \/><\/p>\n","protected":false},"excerpt":{"rendered":"<p>Mente\u015fe \u0130l\u00e7e Tar\u0131m ve Orman M\u00fcd\u00fcrl\u00fc\u011f\u00fc ekipleri, tar\u0131msal hastal\u0131k ve zararl\u0131larla m\u00fccadele kapsam\u0131nda sahadaki \u00e7al\u0131\u015fmalar\u0131n\u0131 s\u00fcrd\u00fcr\u00fcyor. Bu kapsamda ekipler, Kafaca Mahallesi\u2019nde \u00e7ilek ve domates \u00fcretimi yapan \u00e7ift\u00e7ileri ziyaret ederek, bitki sa\u011fl\u0131\u011f\u0131 kontrollerinde bulundu. Ger\u00e7ekle\u015ftirilen teknik inceleme ziyaretinde, \u00e7ilek ve domates tarlalar\u0131nda yerinde hastal\u0131k ve zararl\u0131 kontrolleri yap\u0131larak, \u00fcreticilere mevcut durum hakk\u0131nda bilgilendirme yap\u0131ld\u0131. Tarla g\u00f6zlemlerinin&#8230;<\/p>\n","protected":false},"author":1,"featured_media":36735,"comment_status":"open","ping_status":"open","sticky":false,"template":"","format":"standard","meta":{"_crdt_document":"","footnotes":""},"categories":[1],"tags":[],"class_list":["post-36734","post","type-post","status-publish","format-standard","has-post-thumbnail","hentry","category-guncel"],"_links":{"self":[{"href":"https:\/\/www.egemtv.com\/index.php?rest_route=\/wp\/v2\/posts\/36734","targetHints":{"allow":["GET"]}}],"collection":[{"href":"https:\/\/www.egemtv.com\/index.php?rest_route=\/wp\/v2\/posts"}],"about":[{"href":"https:\/\/www.egemtv.com\/index.php?rest_route=\/wp\/v2\/types\/post"}],"author":[{"embeddable":true,"href":"https:\/\/www.egemtv.com\/index.php?rest_route=\/wp\/v2\/users\/1"}],"replies":[{"embeddable":true,"href":"https:\/\/www.egemtv.com\/index.php?rest_route=%2Fwp%2Fv2%2Fcomments&post=36734"}],"version-history":[{"count":1,"href":"https:\/\/www.egemtv.com\/index.php?rest_route=\/wp\/v2\/posts\/36734\/revisions"}],"predecessor-version":[{"id":36736,"href":"https:\/\/www.egemtv.com\/index.php?rest_route=\/wp\/v2\/posts\/36734\/revisions\/36736"}],"wp:featuredmedia":[{"embeddable":true,"href":"https:\/\/www.egemtv.com\/index.php?rest_route=\/wp\/v2\/media\/36735"}],"wp:attachment":[{"href":"https:\/\/www.egemtv.com\/index.php?rest_route=%2Fwp%2Fv2%2Fmedia&parent=36734"}],"wp:term":[{"taxonomy":"category","embeddable":true,"href":"https:\/\/www.egemtv.com\/index.php?rest_route=%2Fwp%2Fv2%2Fcategories&post=36734"},{"taxonomy":"post_tag","embeddable":true,"href":"https:\/\/www.egemtv.com\/index.php?rest_route=%2Fwp%2Fv2%2Ftags&post=36734"}],"curies":[{"name":"wp","href":"https:\/\/api.w.org\/{rel}","templated":true}]}}