{"id":36731,"date":"2025-06-21T12:15:22","date_gmt":"2025-06-21T09:15:22","guid":{"rendered":"https:\/\/www.egemtv.com\/?p=36731"},"modified":"2025-06-21T12:15:28","modified_gmt":"2025-06-21T09:15:28","slug":"gsb-spor-okullari-yaz-doneminde-de-gencleri-bekliyor","status":"publish","type":"post","link":"https:\/\/www.egemtv.com\/?p=36731","title":{"rendered":"GSB Spor Okullar\u0131 yaz d\u00f6neminde de gen\u00e7leri bekliyor"},"content":{"rendered":"<p>Ayd\u0131n Gen\u00e7lik ve Spor \u0130l M\u00fcd\u00fcrl\u00fc\u011f\u00fc koordinesinde Ayd\u0131n\u2019da y\u00fcr\u00fct\u00fclen GSB Spor Okullar\u0131 ve GSB Engelsiz Spor Okullar\u0131, 24 farkl\u0131 bran\u015f\u0131 ile yaz d\u00f6neminde de gen\u00e7leri beklerken, ba\u015fvuru kay\u0131tlar\u0131 ba\u015flad\u0131.<br \/>\n<br \/>Gen\u00e7lik ve Spor Bakanl\u0131\u011f\u0131 taraf\u0131ndan her y\u0131l 81 ilde d\u00fczenlenen GSB Spor Okullar\u0131 ve GSB Engelsiz Spor Okullar\u0131 yaz d\u00f6neminde faaliyetlerini h\u0131z kesmeden s\u00fcrd\u00fcr\u00fcyor. Ayd\u0131n\u2019da da 24 farkl\u0131 bran\u015fta verilen e\u011fitimler uzman antren\u00f6rler e\u015fli\u011finde ger\u00e7ekle\u015ftirilirken, spor okullar\u0131n\u0131n yaz d\u00f6nemi d\u00fczenlenecek t\u00f6ren ile ba\u015flayacak.<br \/>\n<br \/>Ayd\u0131n Gen\u00e7lik ve Spor \u0130l M\u00fcd\u00fcrl\u00fc\u011f\u00fc taraf\u0131ndan 17 il\u00e7ede d\u00fczenlenen spor okullar\u0131nda 3-18 ya\u015f aral\u0131\u011f\u0131ndaki \u00e7ocuk ve gen\u00e7lerin bili\u015fsel ve sportif geli\u015fimleri ile sosyalle\u015fmelerine katk\u0131 sa\u011flayarak yeteneklerini ortaya \u00e7\u0131karmak amac\u0131yla sportif kurslar verilmeye devam ediyor. Bu \u00e7er\u00e7evede voleyboldan tenise, badmintondan basketbola, jimnastikten karateye kadar 24 farkl\u0131 bran\u015fta a\u00e7\u0131lan kurslar \u00f6\u011frencilerini bekliyor.<br \/>\n<br \/>GSB Spor Okullar\u0131 ve Engelsiz Spor Okullar\u0131 i\u00e7in kay\u0131tlar\u0131n ba\u015flad\u0131\u011f\u0131n\u0131 duyuran Ayd\u0131n Gen\u00e7lik ve Spor \u0130l M\u00fcd\u00fcrl\u00fc\u011f\u00fc\u2019nden yap\u0131lan payla\u015f\u0131mda ise &#8220;Gen\u00e7lik ve Spor Bakanl\u0131\u011f\u0131 koordinesinde, \u0130l M\u00fcd\u00fcrl\u00fc\u011f\u00fcm\u00fcz taraf\u0131ndan d\u00fczenlenen GSB \u00dccretsiz Yaz Spor Okullar\u0131 i\u00e7in ba\u015fvurular ba\u015flad\u0131. Yaz tatilini sporla de\u011ferlendirmek isteyen 3-18 ya\u015f aras\u0131 t\u00fcm \u00e7ocuk ve gen\u00e7lerimizi, birbirinden \u00e7e\u015fitli bran\u015flarla bulu\u015fturuyoruz. Bu y\u0131l yaz spor okullar\u0131m\u0131zda yer alan bran\u015flar, Atletizm, At\u0131c\u0131l\u0131k, Badminton, Basketbol, Bisiklet, Boks, Cimnastik, Eskrim, Futbol (Saha), G\u00fcre\u015f, Halter, Hentbol, Judo, Karate, Kick Boks, Masa Tenisi, Ok\u00e7uluk, Rekreatif Sporlar, Taekwondo, Tenis, Voleybol, Y\u00fczme, Wushu, Oryantiring. Spor k\u00fclt\u00fcr\u00fcn\u00fcn yayg\u0131nla\u015fmas\u0131, \u00e7ocuklar\u0131m\u0131z\u0131n fiziksel ve zihinsel geli\u015fimlerinin desteklenmesi amac\u0131yla hayata ge\u00e7irilen \u00fccretsiz yaz spor okullar\u0131m\u0131za t\u00fcm gen\u00e7lerimizi davet ediyoruz. Ba\u015fvuru il\u00e7e m\u00fcd\u00fcrl\u00fcklerimize \u015fahsen ya da e-Devlet \u00fczerinden online olarak yap\u0131labilir. Detayl\u0131 bilgi i\u00e7in il\u00e7e m\u00fcd\u00fcrl\u00fcklerimizle ileti\u015fime ge\u00e7ebilirsiniz&#8221; ifadeleri yer ald\u0131.<br \/><\/p>\n","protected":false},"excerpt":{"rendered":"<p>Ayd\u0131n Gen\u00e7lik ve Spor \u0130l M\u00fcd\u00fcrl\u00fc\u011f\u00fc koordinesinde Ayd\u0131n\u2019da y\u00fcr\u00fct\u00fclen GSB Spor Okullar\u0131 ve GSB Engelsiz Spor Okullar\u0131, 24 farkl\u0131 bran\u015f\u0131 ile yaz d\u00f6neminde de gen\u00e7leri beklerken, ba\u015fvuru kay\u0131tlar\u0131 ba\u015flad\u0131. Gen\u00e7lik ve Spor Bakanl\u0131\u011f\u0131 taraf\u0131ndan her y\u0131l 81 ilde d\u00fczenlenen GSB Spor Okullar\u0131 ve GSB Engelsiz Spor Okullar\u0131 yaz d\u00f6neminde faaliyetlerini h\u0131z kesmeden s\u00fcrd\u00fcr\u00fcyor. Ayd\u0131n\u2019da da&#8230;<\/p>\n","protected":false},"author":1,"featured_media":36732,"comment_status":"open","ping_status":"open","sticky":false,"template":"","format":"standard","meta":{"_crdt_document":"","footnotes":""},"categories":[4],"tags":[],"class_list":["post-36731","post","type-post","status-publish","format-standard","has-post-thumbnail","hentry","category-spor"],"_links":{"self":[{"href":"https:\/\/www.egemtv.com\/index.php?rest_route=\/wp\/v2\/posts\/36731","targetHints":{"allow":["GET"]}}],"collection":[{"href":"https:\/\/www.egemtv.com\/index.php?rest_route=\/wp\/v2\/posts"}],"about":[{"href":"https:\/\/www.egemtv.com\/index.php?rest_route=\/wp\/v2\/types\/post"}],"author":[{"embeddable":true,"href":"https:\/\/www.egemtv.com\/index.php?rest_route=\/wp\/v2\/users\/1"}],"replies":[{"embeddable":true,"href":"https:\/\/www.egemtv.com\/index.php?rest_route=%2Fwp%2Fv2%2Fcomments&post=36731"}],"version-history":[{"count":1,"href":"https:\/\/www.egemtv.com\/index.php?rest_route=\/wp\/v2\/posts\/36731\/revisions"}],"predecessor-version":[{"id":36733,"href":"https:\/\/www.egemtv.com\/index.php?rest_route=\/wp\/v2\/posts\/36731\/revisions\/36733"}],"wp:featuredmedia":[{"embeddable":true,"href":"https:\/\/www.egemtv.com\/index.php?rest_route=\/wp\/v2\/media\/36732"}],"wp:attachment":[{"href":"https:\/\/www.egemtv.com\/index.php?rest_route=%2Fwp%2Fv2%2Fmedia&parent=36731"}],"wp:term":[{"taxonomy":"category","embeddable":true,"href":"https:\/\/www.egemtv.com\/index.php?rest_route=%2Fwp%2Fv2%2Fcategories&post=36731"},{"taxonomy":"post_tag","embeddable":true,"href":"https:\/\/www.egemtv.com\/index.php?rest_route=%2Fwp%2Fv2%2Ftags&post=36731"}],"curies":[{"name":"wp","href":"https:\/\/api.w.org\/{rel}","templated":true}]}}