{"id":36728,"date":"2025-06-21T11:57:24","date_gmt":"2025-06-21T08:57:24","guid":{"rendered":"https:\/\/www.egemtv.com\/?p=36728"},"modified":"2025-06-21T11:57:27","modified_gmt":"2025-06-21T08:57:27","slug":"turkiye-mevlevihaneleri-kusadasinda-anlatildi","status":"publish","type":"post","link":"https:\/\/www.egemtv.com\/?p=36728","title":{"rendered":"T\u00fcrkiye Mevlevihaneleri Ku\u015fadas\u0131\u2019nda anlat\u0131ld\u0131"},"content":{"rendered":"<p>Ku\u015fadas\u0131 \u0130lim Meclisi\u2019nin d\u00f6rd\u00fcnc\u00fc toplant\u0131s\u0131 Ku\u015fadas\u0131 Ticaret Odas\u0131 Meclis Salonu\u2019nda ger\u00e7ekle\u015ftirildi. Sayg\u0131 duru\u015fu ve \u0130stiklal Mar\u015f\u0131\u2019n\u0131n ard\u0131ndan meclis koordinat\u00f6r\u00fc Mahmut \u00d6k\u00e7esiz, bug\u00fcne kadar yap\u0131lan toplant\u0131lar\u0131n k\u0131sa bir \u00f6zetini sunarak \u00f6n\u00fcm\u00fczdeki ay d\u00fczenlenecek toplant\u0131lar\u0131n konular\u0131 ve davetli isimleri hakk\u0131nda bilgi verdi.<\/p>\n<p>Toplant\u0131n\u0131n ikinci b\u00f6l\u00fcm\u00fcnde ise Konya Karatay \u00dcniversitesi Sanat Tarihi Anabilim Dal\u0131 emekli \u00f6\u011fretim \u00fcyesi ve ayn\u0131 zamanda meclis \u00fcyesi olan Prof. Dr. Ha\u015fim Karpuz, &#8220;T\u00fcrkiye Mevlevihaneleri&#8221; ba\u015fl\u0131kl\u0131 etkileyici bir sunum ger\u00e7ekle\u015ftirdi. Karpuz, Osmanl\u0131 d\u00f6neminde co\u011frafyada 134 Mevlevihane bulundu\u011funu, Mevlevilikte 1001 g\u00fcnl\u00fck \u00e7ilenin 18 farkl\u0131 g\u00f6revle tamamland\u0131\u011f\u0131n\u0131 ve Mevlevilerin T\u00fcrk mimarisi, edebiyat\u0131 ve sanat\u0131na \u00f6nemli katk\u0131lar sa\u011flad\u0131\u011f\u0131n\u0131 \u00f6rnekleriyle anlatt\u0131.<\/p>\n<p>Ayd\u0131n, Tire ve S\u00f6ke Mevlevihanelerinin b\u00f6lge i\u00e7in ne denli \u00f6nemli roller \u00fcstlendi\u011fini aktaran Karpuz, Girit Hanya Mevlevihanesi\u2019nin Ayd\u0131n Mevlevihanesi\u2019nin deste\u011fiyle kuruldu\u011funu da vurgulad\u0131. Ku\u015fadas\u0131\u2019n\u0131n kurucusu Kaptan-\u0131 Derya \u00d6k\u00fcz Mehmet Pa\u015fa\u2019n\u0131n da \u00f6nemli bir Mevlevi mensubu oldu\u011funun alt\u0131n\u0131 \u00e7izdi.<\/p>\n<p>Kat\u0131l\u0131mc\u0131lar\u0131n sorular\u0131yla zenginle\u015fen konferans sonunda, fikirlerin projeye d\u00f6n\u00fc\u015ft\u00fc\u011f\u00fc bu t\u00fcr toplant\u0131lar\u0131n \u00f6nemine dikkat \u00e7ekildi. Kat\u0131l\u0131m\u0131n s\u0131n\u0131rl\u0131 olmas\u0131na ra\u011fmen Ku\u015fadas\u0131 \u0130lim Meclisi \u00e7al\u0131\u015fmalar\u0131na kararl\u0131l\u0131kla devam edecek. Meclis yetkilileri, daha fazla \u00fcyenin bu nitelikli bulu\u015fmalara kat\u0131l\u0131m sa\u011flamas\u0131n\u0131 temenni ettiklerini belirtti. Ama\u00e7lar\u0131n\u0131n, bilgiyle beslenen bir Ku\u015fadas\u0131\u2019na hizmet etmek oldu\u011fu ifade edildi.<br \/><\/p>\n","protected":false},"excerpt":{"rendered":"<p>Ku\u015fadas\u0131 \u0130lim Meclisi\u2019nin d\u00f6rd\u00fcnc\u00fc toplant\u0131s\u0131 Ku\u015fadas\u0131 Ticaret Odas\u0131 Meclis Salonu\u2019nda ger\u00e7ekle\u015ftirildi. Sayg\u0131 duru\u015fu ve \u0130stiklal Mar\u015f\u0131\u2019n\u0131n ard\u0131ndan meclis koordinat\u00f6r\u00fc Mahmut \u00d6k\u00e7esiz, bug\u00fcne kadar yap\u0131lan toplant\u0131lar\u0131n k\u0131sa bir \u00f6zetini sunarak \u00f6n\u00fcm\u00fczdeki ay d\u00fczenlenecek toplant\u0131lar\u0131n konular\u0131 ve davetli isimleri hakk\u0131nda bilgi verdi. Toplant\u0131n\u0131n ikinci b\u00f6l\u00fcm\u00fcnde ise Konya Karatay \u00dcniversitesi Sanat Tarihi Anabilim Dal\u0131 emekli \u00f6\u011fretim \u00fcyesi ve&#8230;<\/p>\n","protected":false},"author":1,"featured_media":36729,"comment_status":"open","ping_status":"open","sticky":false,"template":"","format":"standard","meta":{"_crdt_document":"","footnotes":""},"categories":[1],"tags":[],"class_list":["post-36728","post","type-post","status-publish","format-standard","has-post-thumbnail","hentry","category-guncel"],"_links":{"self":[{"href":"https:\/\/www.egemtv.com\/index.php?rest_route=\/wp\/v2\/posts\/36728","targetHints":{"allow":["GET"]}}],"collection":[{"href":"https:\/\/www.egemtv.com\/index.php?rest_route=\/wp\/v2\/posts"}],"about":[{"href":"https:\/\/www.egemtv.com\/index.php?rest_route=\/wp\/v2\/types\/post"}],"author":[{"embeddable":true,"href":"https:\/\/www.egemtv.com\/index.php?rest_route=\/wp\/v2\/users\/1"}],"replies":[{"embeddable":true,"href":"https:\/\/www.egemtv.com\/index.php?rest_route=%2Fwp%2Fv2%2Fcomments&post=36728"}],"version-history":[{"count":1,"href":"https:\/\/www.egemtv.com\/index.php?rest_route=\/wp\/v2\/posts\/36728\/revisions"}],"predecessor-version":[{"id":36730,"href":"https:\/\/www.egemtv.com\/index.php?rest_route=\/wp\/v2\/posts\/36728\/revisions\/36730"}],"wp:featuredmedia":[{"embeddable":true,"href":"https:\/\/www.egemtv.com\/index.php?rest_route=\/wp\/v2\/media\/36729"}],"wp:attachment":[{"href":"https:\/\/www.egemtv.com\/index.php?rest_route=%2Fwp%2Fv2%2Fmedia&parent=36728"}],"wp:term":[{"taxonomy":"category","embeddable":true,"href":"https:\/\/www.egemtv.com\/index.php?rest_route=%2Fwp%2Fv2%2Fcategories&post=36728"},{"taxonomy":"post_tag","embeddable":true,"href":"https:\/\/www.egemtv.com\/index.php?rest_route=%2Fwp%2Fv2%2Ftags&post=36728"}],"curies":[{"name":"wp","href":"https:\/\/api.w.org\/{rel}","templated":true}]}}