{"id":36725,"date":"2025-06-21T11:57:19","date_gmt":"2025-06-21T08:57:19","guid":{"rendered":"https:\/\/www.egemtv.com\/?p=36725"},"modified":"2025-06-21T11:57:24","modified_gmt":"2025-06-21T08:57:24","slug":"yks-maratonunda-manzara-degismedi-gec-kalanlar-sinava-alinmadi","status":"publish","type":"post","link":"https:\/\/www.egemtv.com\/?p=36725","title":{"rendered":"YKS maratonunda manzara de\u011fi\u015fmedi, ge\u00e7 kalanlar s\u0131nava al\u0131nmad\u0131"},"content":{"rendered":"<p>\u00dclke genelinde oldu\u011fu gibi Ayd\u0131n\u2019da da binlerce \u00f6\u011frenci YKS maratonunda ter d\u00f6kerken, ailelerin okul \u00f6nlerindeki merakl\u0131 bekleyi\u015f manzaras\u0131 da de\u011fi\u015fmedi. \u00d6\u011frenciler s\u0131navda veliler de d\u0131\u015far\u0131da ter d\u00f6kerken, s\u0131nava ge\u00e7 kalan kimi \u00f6\u011frenciler ise i\u00e7eri al\u0131nmad\u0131.<\/p>\n<p>\u00dcniversite hayali kuran milyonlarca \u00f6\u011frenci s\u0131navda ter d\u00f6kerken, Y\u00fcksek\u00f6\u011fretim Kurumlar\u0131 S\u0131nav\u0131 (YKS) maratonunda bu y\u0131l da manzara de\u011fi\u015fmedi. S\u0131nav\u0131n ilk Temel Yeterlilik Testi (TYT) i\u00e7in \u00f6\u011frenciler aileleriyle birlikte 1 saat \u00f6ncesinde s\u0131nav merkezlerine geldi. S\u0131nav merkezleri \u00f6n\u00fcnde g\u00f6revlilerce kar\u015f\u0131lanan \u00f6\u011frenciler salonlara y\u00f6nlendirildi. Bir\u00e7ok \u00f6\u011frenci s\u0131nav esnas\u0131nda ter d\u00f6kerken aileler de okul \u00f6nlerinde ter d\u00f6kt\u00fc. Her y\u0131l oldu\u011fu gibi bu y\u0131l da s\u0131nav merkezleri \u00f6n\u00fcndeki manzara de\u011fi\u015fmedi. \u00c7ocuklar\u0131n\u0131n s\u0131navdan \u00e7\u0131kmas\u0131n\u0131 bekleyen baz\u0131 veliler s\u0131nav merkezleri \u00f6n\u00fcnde bekleyerek Kur\u2019an-\u0131 Kerim okuyup dua ederken, baz\u0131 veliler ise \u00f6\u011frenciler kadar d\u0131\u015far\u0131da heyecan ya\u015fad\u0131.<\/p>\n<p>S\u0131nava son dakikada yeti\u015fen \u00f6\u011frenciler i\u00e7in polis ekipleri seferber olurken, bir \u00e7ok \u00f6\u011frenciyi s\u0131nava yeti\u015ftirdi. Baz\u0131 \u00f6\u011frenciler ise son dakikada s\u0131nav merkezine gelse de kap\u0131lar\u0131n kapanmas\u0131 sonucu s\u0131nava al\u0131namad\u0131. S\u0131nava ge\u00e7 kalan \u00f6\u011frenciler ise g\u00f6zya\u015flar\u0131n\u0131 tutamad\u0131.<br \/><\/p>\n","protected":false},"excerpt":{"rendered":"<p>\u00dclke genelinde oldu\u011fu gibi Ayd\u0131n\u2019da da binlerce \u00f6\u011frenci YKS maratonunda ter d\u00f6kerken, ailelerin okul \u00f6nlerindeki merakl\u0131 bekleyi\u015f manzaras\u0131 da de\u011fi\u015fmedi. \u00d6\u011frenciler s\u0131navda veliler de d\u0131\u015far\u0131da ter d\u00f6kerken, s\u0131nava ge\u00e7 kalan kimi \u00f6\u011frenciler ise i\u00e7eri al\u0131nmad\u0131. \u00dcniversite hayali kuran milyonlarca \u00f6\u011frenci s\u0131navda ter d\u00f6kerken, Y\u00fcksek\u00f6\u011fretim Kurumlar\u0131 S\u0131nav\u0131 (YKS) maratonunda bu y\u0131l da manzara de\u011fi\u015fmedi. S\u0131nav\u0131n ilk&#8230;<\/p>\n","protected":false},"author":1,"featured_media":36726,"comment_status":"open","ping_status":"open","sticky":false,"template":"","format":"standard","meta":{"_crdt_document":"","footnotes":""},"categories":[1],"tags":[],"class_list":["post-36725","post","type-post","status-publish","format-standard","has-post-thumbnail","hentry","category-guncel"],"_links":{"self":[{"href":"https:\/\/www.egemtv.com\/index.php?rest_route=\/wp\/v2\/posts\/36725","targetHints":{"allow":["GET"]}}],"collection":[{"href":"https:\/\/www.egemtv.com\/index.php?rest_route=\/wp\/v2\/posts"}],"about":[{"href":"https:\/\/www.egemtv.com\/index.php?rest_route=\/wp\/v2\/types\/post"}],"author":[{"embeddable":true,"href":"https:\/\/www.egemtv.com\/index.php?rest_route=\/wp\/v2\/users\/1"}],"replies":[{"embeddable":true,"href":"https:\/\/www.egemtv.com\/index.php?rest_route=%2Fwp%2Fv2%2Fcomments&post=36725"}],"version-history":[{"count":1,"href":"https:\/\/www.egemtv.com\/index.php?rest_route=\/wp\/v2\/posts\/36725\/revisions"}],"predecessor-version":[{"id":36727,"href":"https:\/\/www.egemtv.com\/index.php?rest_route=\/wp\/v2\/posts\/36725\/revisions\/36727"}],"wp:featuredmedia":[{"embeddable":true,"href":"https:\/\/www.egemtv.com\/index.php?rest_route=\/wp\/v2\/media\/36726"}],"wp:attachment":[{"href":"https:\/\/www.egemtv.com\/index.php?rest_route=%2Fwp%2Fv2%2Fmedia&parent=36725"}],"wp:term":[{"taxonomy":"category","embeddable":true,"href":"https:\/\/www.egemtv.com\/index.php?rest_route=%2Fwp%2Fv2%2Fcategories&post=36725"},{"taxonomy":"post_tag","embeddable":true,"href":"https:\/\/www.egemtv.com\/index.php?rest_route=%2Fwp%2Fv2%2Ftags&post=36725"}],"curies":[{"name":"wp","href":"https:\/\/api.w.org\/{rel}","templated":true}]}}