{"id":36719,"date":"2025-06-21T11:17:18","date_gmt":"2025-06-21T08:17:18","guid":{"rendered":"https:\/\/www.egemtv.com\/?p=36719"},"modified":"2025-06-21T11:17:23","modified_gmt":"2025-06-21T08:17:23","slug":"neyzen-ahmet-dogan-ozeke-vefatinin-27nci-yilinda-muglada-anildi","status":"publish","type":"post","link":"https:\/\/www.egemtv.com\/?p=36719","title":{"rendered":"Neyzen Ahmet Do\u011fan \u00d6zeke vefat\u0131n\u0131n 27\u2019nci y\u0131l\u0131nda Mu\u011fla\u2019da an\u0131ld\u0131"},"content":{"rendered":"<p>Son Mevlev\u00ee postni\u015finlerinden Gavsi Baykara\u2019n\u0131n \u00f6\u011frencisi neyzen Ahmet Do\u011fan \u00d6zeke vefat\u0131n\u0131n 27. y\u0131l\u0131nda Mu\u011fla\u2019da mezar\u0131 ba\u015f\u0131nda an\u0131ld\u0131. Anma program\u0131n\u0131 T\u00fcrkiye Yazarlar Birli\u011fi Mu\u011fla \u0130l Temsilcili\u011fi ger\u00e7ekle\u015ftirdi.<br \/>\n<br \/>Yap\u0131lan konu\u015fmalarda, Ahmet Do\u011fan \u00d6zeke\u2019nin de\u011fi\u015fik y\u00f6nleri k\u0131saca ele al\u0131nd\u0131. Anma toplant\u0131s\u0131nda T\u00fcrkiye Yazarlar Birli\u011fi Mu\u011fla \u0130l Temsilcisi Prof. Dr. Nam\u0131k A\u00e7\u0131kg\u00f6z, Ahmet Do\u011fan \u00d6zeke ile ilgili olarak \u015funlar\u0131 s\u00f6yledi:<br \/>\n<br \/>&#8220;Ahmet Do\u011fan \u00d6zeke, son ku\u015fak neyzenlerden olup ya\u015fad\u0131\u011f\u0131 sa\u011fl\u0131k sorunlar\u0131 sebebiyle 1989 y\u0131l\u0131ndan itibaren Mu\u011fla\u2019da ya\u015famaya ba\u015flam\u0131\u015f ve Neyzenler Kahvesi adl\u0131 kitab\u0131 ile s\u00f6zl\u00fc\u011f\u00fcn\u00fc Mu\u011fla\u2019da haz\u0131rlam\u0131\u015ft\u0131. Neyzen olmas\u0131n\u0131n yan\u0131 s\u0131ra bir k\u00fclt\u00fcr insan\u0131 ve \u0130stanbul k\u00fclt\u00fcr\u00fcn\u00fc \u00f6z\u00fcmsemi\u015f bir irfan adam\u0131 olan neyzen Ahmet Do\u011fan \u00d6zeke, \u00f6mr\u00fcn\u00fcn son y\u0131llar\u0131n\u0131 Mu\u011fla\u2019da ge\u00e7irmi\u015f ve burada k\u00fclt\u00fcrel faaliyetlerini devam ettirmi\u015ftir. Ney \u00fcflemeye merakl\u0131 baz\u0131 Mu\u011flal\u0131lar, son klasik ney terbiyesini kendisinden alm\u0131\u015ft\u0131r. Bug\u00fcn Mu\u011fla\u2019da ney \u00fcflenebiliyorsa, bunun sebeplerinden biri rahmetlidir. Ya\u015fad\u0131\u011f\u0131 sa\u011fl\u0131k sorunlar\u0131 sebebiyle doktorunun tavsiyesine en uygun yer olarak Mu\u011fla\u2019y\u0131 se\u00e7mesinde Prof. Dr. S\u00fcleyman Seyfi \u00d6\u011f\u00fcn\u2019\u00fcn tavsiyesi etkili olmu\u015f ve rahmetli Mu\u011fla\u2019ya yerle\u015fmi\u015ftir. Onun hayat\u0131n\u0131n son y\u0131llar\u0131n\u0131 Mu\u011fla\u2019da ge\u00e7irmesi ney \u00f6\u011fretmesi, Mu\u011fla k\u00fclt\u00fcr\u00fcne \u00f6nemli bir katk\u0131d\u0131r. Onu, bundan sonra uygun zamanlarda ger\u00e7ekle\u015ftirece\u011fimiz toplant\u0131larla anmay\u0131 planlam\u0131\u015f bulunmaktay\u0131z&#8221; dedi.<br \/>\n<br \/>Anma toplant\u0131s\u0131nda bir konu\u015fma yapan yazar Erdal \u00c7il de Ahmet Do\u011fan \u00d6zeke\u2019nin Mu\u011fla\u2019ya geli\u015finden itibaren kendisiyle ilgilenen insanlarla irtibata ge\u00e7ip \u00d6zeke\u2019nin Mu\u011fla\u2019ya intiba\u0131 konusunu ele al\u0131nmas\u0131 gerekti\u011fini s\u00f6ylemi\u015f ve b\u00f6yle bir de\u011ferin Mu\u011fla\u2019ya katk\u0131s\u0131yla, Mu\u011fla\u2019n\u0131n k\u00fclt\u00fcr \u015fehri olmas\u0131n\u0131n daha da zenginle\u015fece\u011fini belirtmi\u015ftir.<br \/><\/p>\n","protected":false},"excerpt":{"rendered":"<p>Son Mevlev\u00ee postni\u015finlerinden Gavsi Baykara\u2019n\u0131n \u00f6\u011frencisi neyzen Ahmet Do\u011fan \u00d6zeke vefat\u0131n\u0131n 27. y\u0131l\u0131nda Mu\u011fla\u2019da mezar\u0131 ba\u015f\u0131nda an\u0131ld\u0131. Anma program\u0131n\u0131 T\u00fcrkiye Yazarlar Birli\u011fi Mu\u011fla \u0130l Temsilcili\u011fi ger\u00e7ekle\u015ftirdi. Yap\u0131lan konu\u015fmalarda, Ahmet Do\u011fan \u00d6zeke\u2019nin de\u011fi\u015fik y\u00f6nleri k\u0131saca ele al\u0131nd\u0131. Anma toplant\u0131s\u0131nda T\u00fcrkiye Yazarlar Birli\u011fi Mu\u011fla \u0130l Temsilcisi Prof. Dr. Nam\u0131k A\u00e7\u0131kg\u00f6z, Ahmet Do\u011fan \u00d6zeke ile ilgili olarak \u015funlar\u0131&#8230;<\/p>\n","protected":false},"author":1,"featured_media":36720,"comment_status":"open","ping_status":"open","sticky":false,"template":"","format":"standard","meta":{"_crdt_document":"","footnotes":""},"categories":[123],"tags":[],"class_list":["post-36719","post","type-post","status-publish","format-standard","has-post-thumbnail","hentry","category-gundem"],"_links":{"self":[{"href":"https:\/\/www.egemtv.com\/index.php?rest_route=\/wp\/v2\/posts\/36719","targetHints":{"allow":["GET"]}}],"collection":[{"href":"https:\/\/www.egemtv.com\/index.php?rest_route=\/wp\/v2\/posts"}],"about":[{"href":"https:\/\/www.egemtv.com\/index.php?rest_route=\/wp\/v2\/types\/post"}],"author":[{"embeddable":true,"href":"https:\/\/www.egemtv.com\/index.php?rest_route=\/wp\/v2\/users\/1"}],"replies":[{"embeddable":true,"href":"https:\/\/www.egemtv.com\/index.php?rest_route=%2Fwp%2Fv2%2Fcomments&post=36719"}],"version-history":[{"count":1,"href":"https:\/\/www.egemtv.com\/index.php?rest_route=\/wp\/v2\/posts\/36719\/revisions"}],"predecessor-version":[{"id":36721,"href":"https:\/\/www.egemtv.com\/index.php?rest_route=\/wp\/v2\/posts\/36719\/revisions\/36721"}],"wp:featuredmedia":[{"embeddable":true,"href":"https:\/\/www.egemtv.com\/index.php?rest_route=\/wp\/v2\/media\/36720"}],"wp:attachment":[{"href":"https:\/\/www.egemtv.com\/index.php?rest_route=%2Fwp%2Fv2%2Fmedia&parent=36719"}],"wp:term":[{"taxonomy":"category","embeddable":true,"href":"https:\/\/www.egemtv.com\/index.php?rest_route=%2Fwp%2Fv2%2Fcategories&post=36719"},{"taxonomy":"post_tag","embeddable":true,"href":"https:\/\/www.egemtv.com\/index.php?rest_route=%2Fwp%2Fv2%2Ftags&post=36719"}],"curies":[{"name":"wp","href":"https:\/\/api.w.org\/{rel}","templated":true}]}}