{"id":36716,"date":"2025-06-21T11:17:13","date_gmt":"2025-06-21T08:17:13","guid":{"rendered":"https:\/\/www.egemtv.com\/?p=36716"},"modified":"2025-06-21T11:17:18","modified_gmt":"2025-06-21T08:17:18","slug":"uyusturucu-etkisiyle-kaza-yapti-11-yil-hapis-cezasiyla-arandigi-ortaya-cikti","status":"publish","type":"post","link":"https:\/\/www.egemtv.com\/?p=36716","title":{"rendered":"Uyu\u015fturucu etkisiyle kaza yapt\u0131, 11 y\u0131l hapis cezas\u0131yla arand\u0131\u011f\u0131 ortaya \u00e7\u0131kt\u0131"},"content":{"rendered":"<p>Ayd\u0131n\u2019\u0131n Yenipazar il\u00e7esinde uyu\u015fturucu etkisi at\u0131nda kulland\u0131\u011f\u0131 motosikletle kaza yaparak yaralanan \u015f\u00fcphelinin, 11 y\u0131l hapis cezas\u0131yla arand\u0131\u011f\u0131 tespit edildi.<br \/>\n<br \/>Kaza, 19 Haziran g\u00fcn\u00fc Yenipazar il\u00e7esi Yenipazar ba\u011flant\u0131 yolu Ayd\u0131n giri\u015fi \u00fczerinde saa5 18.30 s\u0131ralar\u0131nda meydana geldi. Edinilen bilgiye g\u00f6re Ayd\u0131n &#8211; Denizli Otoyolu\u2019nda \u00d6.\u00d6. (30) isimli \u015fah\u0131s, seyir halindeyken hen\u00fcz bilinmeyen bir nedenle direksiyon hakimiyetini kaybederek bariyerlere \u00e7arpt\u0131. \u00c7arpman\u0131n etkisiyle motosiklet s\u00fcr\u00fcc\u00fcs\u00fc \u00d6.\u00d6. ve yolcu konumundaki \u0130.G. (27) yaraland\u0131. \u0130hbar \u00fczerine b\u00f6lgeye jandarma ve sa\u011fl\u0131k ekipleri sevk edildi. K\u0131sa s\u00fcrede b\u00f6lgeye gelen sa\u011fl\u0131k ekipleri yaral\u0131lar\u0131 ilk m\u00fcdahalenin ard\u0131ndan ambulansla hastaneye kald\u0131rd\u0131. Kazada yaralanan s\u00fcr\u00fcc\u00fc \u00d6.\u00d6.\u2019n\u00fcn hayati tehlikesinin bulundu\u011fu \u00f6\u011frenilirken, yap\u0131lan sorgulamas\u0131nda &#8220;Taksirle \u00f6l\u00fcme neden olma su\u00e7undan&#8221; 11 y\u0131l 10 ay 10 g\u00fcn kesinle\u015fmi\u015f hapis cezas\u0131n\u0131n oldu\u011fu tespit edildi. Ayr\u0131ca \u015f\u00fcphelilerin yap\u0131lan testlerinde uyu\u015fturucu madde kulland\u0131klar\u0131 belirlenirken, 2918 Say\u0131l\u0131 Kanun kapsam\u0131nda s\u00fcr\u00fcc\u00fcye toplam 86 bin 189 TL \u0130dari para cezas\u0131 uyguland\u0131. Olayla ilgili inceleme s\u00fcr\u00fcyor.<br \/><\/p>\n","protected":false},"excerpt":{"rendered":"<p>Ayd\u0131n\u2019\u0131n Yenipazar il\u00e7esinde uyu\u015fturucu etkisi at\u0131nda kulland\u0131\u011f\u0131 motosikletle kaza yaparak yaralanan \u015f\u00fcphelinin, 11 y\u0131l hapis cezas\u0131yla arand\u0131\u011f\u0131 tespit edildi. Kaza, 19 Haziran g\u00fcn\u00fc Yenipazar il\u00e7esi Yenipazar ba\u011flant\u0131 yolu Ayd\u0131n giri\u015fi \u00fczerinde saa5 18.30 s\u0131ralar\u0131nda meydana geldi. Edinilen bilgiye g\u00f6re Ayd\u0131n &#8211; Denizli Otoyolu\u2019nda \u00d6.\u00d6. (30) isimli \u015fah\u0131s, seyir halindeyken hen\u00fcz bilinmeyen bir nedenle direksiyon hakimiyetini&#8230;<\/p>\n","protected":false},"author":1,"featured_media":36717,"comment_status":"open","ping_status":"open","sticky":false,"template":"","format":"standard","meta":{"_crdt_document":"","footnotes":""},"categories":[5],"tags":[],"class_list":["post-36716","post","type-post","status-publish","format-standard","has-post-thumbnail","hentry","category-asayis"],"_links":{"self":[{"href":"https:\/\/www.egemtv.com\/index.php?rest_route=\/wp\/v2\/posts\/36716","targetHints":{"allow":["GET"]}}],"collection":[{"href":"https:\/\/www.egemtv.com\/index.php?rest_route=\/wp\/v2\/posts"}],"about":[{"href":"https:\/\/www.egemtv.com\/index.php?rest_route=\/wp\/v2\/types\/post"}],"author":[{"embeddable":true,"href":"https:\/\/www.egemtv.com\/index.php?rest_route=\/wp\/v2\/users\/1"}],"replies":[{"embeddable":true,"href":"https:\/\/www.egemtv.com\/index.php?rest_route=%2Fwp%2Fv2%2Fcomments&post=36716"}],"version-history":[{"count":1,"href":"https:\/\/www.egemtv.com\/index.php?rest_route=\/wp\/v2\/posts\/36716\/revisions"}],"predecessor-version":[{"id":36718,"href":"https:\/\/www.egemtv.com\/index.php?rest_route=\/wp\/v2\/posts\/36716\/revisions\/36718"}],"wp:featuredmedia":[{"embeddable":true,"href":"https:\/\/www.egemtv.com\/index.php?rest_route=\/wp\/v2\/media\/36717"}],"wp:attachment":[{"href":"https:\/\/www.egemtv.com\/index.php?rest_route=%2Fwp%2Fv2%2Fmedia&parent=36716"}],"wp:term":[{"taxonomy":"category","embeddable":true,"href":"https:\/\/www.egemtv.com\/index.php?rest_route=%2Fwp%2Fv2%2Fcategories&post=36716"},{"taxonomy":"post_tag","embeddable":true,"href":"https:\/\/www.egemtv.com\/index.php?rest_route=%2Fwp%2Fv2%2Ftags&post=36716"}],"curies":[{"name":"wp","href":"https:\/\/api.w.org\/{rel}","templated":true}]}}