{"id":36713,"date":"2025-06-21T11:17:09","date_gmt":"2025-06-21T08:17:09","guid":{"rendered":"https:\/\/www.egemtv.com\/?p=36713"},"modified":"2025-06-21T11:17:13","modified_gmt":"2025-06-21T08:17:13","slug":"ferdi-zeyrekin-kizi-nehir-tytye-chp-lideri-ozgur-ozel-ve-annesiyle-geldi","status":"publish","type":"post","link":"https:\/\/www.egemtv.com\/?p=36713","title":{"rendered":"Ferdi Zeyrek\u2019in k\u0131z\u0131 Nehir, TYT\u2019ye CHP Lideri \u00d6zg\u00fcr \u00d6zel ve annesiyle geldi"},"content":{"rendered":"<p>CHP Genel Ba\u015fkan\u0131 \u00d6zg\u00fcr \u00d6zel, elektrik ak\u0131m\u0131na kap\u0131larak hayat\u0131n\u0131 kaybeden Manisa B\u00fcy\u00fck\u015fehir Belediye Ba\u015fkan\u0131 Ferdi Zeyrek\u2019in k\u0131z\u0131 Nehir Zeyrek\u2019i YKS\u2019nin ilk oturumu olan TYT s\u0131nav\u0131 \u00f6ncesi yaln\u0131z b\u0131rakmad\u0131.<br \/>\n<br \/>Manisa\u2019n\u0131n Yunusemre il\u00e7esindeki Borsa \u0130stanbul K\u0131z Mesleki ve Teknik Anadolu Lisesi\u2019nde Y\u00fcksek\u00f6\u011fretim Kurumlar\u0131 S\u0131nav\u0131\u2019na (YKS) giren merhum Manisa B\u00fcy\u00fck\u015fehir Belediye Ba\u015fkan\u0131 Ferdi Zeyrek\u2019in k\u0131z\u0131 Nehir Zeyrek\u2019e CHP Genel Ba\u015fkan\u0131 \u00d6zg\u00fcr \u00d6zel\u2019den anlaml\u0131 bir destek geldi.<br \/>\n<br \/>Nehir Zeyrek\u2019i s\u0131nav \u00f6ncesinde yaln\u0131z b\u0131rakmayan annesi Nurcan Zeyrek\u2019in yan\u0131 s\u0131ra, Cumhuriyet Halk Partisi (CHP) Genel Ba\u015fkan\u0131 \u00d6zg\u00fcr \u00d6zel de sabah saatlerinde s\u0131nav merkezine geldi.<br \/>\n<br \/>CHP Genel Ba\u015fkan\u0131 \u00d6zg\u00fcr \u00d6zel de s\u0131nav \u00f6ncesinde gen\u00e7lerle sohbet ederek ba\u015far\u0131 dileklerinde bulundu.<br \/><\/p>\n","protected":false},"excerpt":{"rendered":"<p>CHP Genel Ba\u015fkan\u0131 \u00d6zg\u00fcr \u00d6zel, elektrik ak\u0131m\u0131na kap\u0131larak hayat\u0131n\u0131 kaybeden Manisa B\u00fcy\u00fck\u015fehir Belediye Ba\u015fkan\u0131 Ferdi Zeyrek\u2019in k\u0131z\u0131 Nehir Zeyrek\u2019i YKS\u2019nin ilk oturumu olan TYT s\u0131nav\u0131 \u00f6ncesi yaln\u0131z b\u0131rakmad\u0131. Manisa\u2019n\u0131n Yunusemre il\u00e7esindeki Borsa \u0130stanbul K\u0131z Mesleki ve Teknik Anadolu Lisesi\u2019nde Y\u00fcksek\u00f6\u011fretim Kurumlar\u0131 S\u0131nav\u0131\u2019na (YKS) giren merhum Manisa B\u00fcy\u00fck\u015fehir Belediye Ba\u015fkan\u0131 Ferdi Zeyrek\u2019in k\u0131z\u0131 Nehir Zeyrek\u2019e CHP&#8230;<\/p>\n","protected":false},"author":1,"featured_media":36714,"comment_status":"open","ping_status":"open","sticky":false,"template":"","format":"standard","meta":{"_crdt_document":"","footnotes":""},"categories":[1],"tags":[],"class_list":["post-36713","post","type-post","status-publish","format-standard","has-post-thumbnail","hentry","category-guncel"],"_links":{"self":[{"href":"https:\/\/www.egemtv.com\/index.php?rest_route=\/wp\/v2\/posts\/36713","targetHints":{"allow":["GET"]}}],"collection":[{"href":"https:\/\/www.egemtv.com\/index.php?rest_route=\/wp\/v2\/posts"}],"about":[{"href":"https:\/\/www.egemtv.com\/index.php?rest_route=\/wp\/v2\/types\/post"}],"author":[{"embeddable":true,"href":"https:\/\/www.egemtv.com\/index.php?rest_route=\/wp\/v2\/users\/1"}],"replies":[{"embeddable":true,"href":"https:\/\/www.egemtv.com\/index.php?rest_route=%2Fwp%2Fv2%2Fcomments&post=36713"}],"version-history":[{"count":1,"href":"https:\/\/www.egemtv.com\/index.php?rest_route=\/wp\/v2\/posts\/36713\/revisions"}],"predecessor-version":[{"id":36715,"href":"https:\/\/www.egemtv.com\/index.php?rest_route=\/wp\/v2\/posts\/36713\/revisions\/36715"}],"wp:featuredmedia":[{"embeddable":true,"href":"https:\/\/www.egemtv.com\/index.php?rest_route=\/wp\/v2\/media\/36714"}],"wp:attachment":[{"href":"https:\/\/www.egemtv.com\/index.php?rest_route=%2Fwp%2Fv2%2Fmedia&parent=36713"}],"wp:term":[{"taxonomy":"category","embeddable":true,"href":"https:\/\/www.egemtv.com\/index.php?rest_route=%2Fwp%2Fv2%2Fcategories&post=36713"},{"taxonomy":"post_tag","embeddable":true,"href":"https:\/\/www.egemtv.com\/index.php?rest_route=%2Fwp%2Fv2%2Ftags&post=36713"}],"curies":[{"name":"wp","href":"https:\/\/api.w.org\/{rel}","templated":true}]}}