{"id":36710,"date":"2025-06-21T11:17:04","date_gmt":"2025-06-21T08:17:04","guid":{"rendered":"https:\/\/www.egemtv.com\/?p=36710"},"modified":"2025-06-21T11:17:09","modified_gmt":"2025-06-21T08:17:09","slug":"muglada-sinav-maratonuna-polis-destegi","status":"publish","type":"post","link":"https:\/\/www.egemtv.com\/?p=36710","title":{"rendered":"Mu\u011fla\u2019da s\u0131nav maratonuna polis deste\u011fi"},"content":{"rendered":"<p>Mu\u011fla\u2019da ger\u00e7ekle\u015ftirilen \u00d6l\u00e7me, Se\u00e7me ve Yerle\u015ftirme Merkezi (\u00d6SYM) s\u0131nav\u0131na dakikalar kala baz\u0131 adaylar, \u00e7e\u015fitli sebeplerle s\u0131nav salonlar\u0131na ula\u015fmakta zorland\u0131. Trafik yo\u011funlu\u011fu, yanl\u0131\u015f s\u0131nav yeri bilgisi veya ge\u00e7 kalma gibi nedenlerle zor anlar ya\u015fayan adaylar\u0131n imdad\u0131na ise Mu\u011fla \u0130l Emniyet M\u00fcd\u00fcrl\u00fc\u011f\u00fc\u2019ne ba\u011fl\u0131 trafik ve asayi\u015f ekipleri yeti\u015fti.<br \/>\n<br \/>Kent genelinde s\u0131nav g\u00fcn\u00fc \u00f6zel olarak g\u00f6revlendirilen ekipler, s\u0131nav merkezlerinin bulundu\u011fu g\u00fczerg\u00e2hlarda g\u00f6rev alarak hem trafik ak\u0131\u015f\u0131n\u0131 sa\u011flad\u0131 hem de s\u0131nava ge\u00e7 kalma riski bulunan \u00f6\u011frencileri h\u0131zla s\u0131nav yerlerine ula\u015ft\u0131rd\u0131.<br \/>\n<br \/>Mente\u015fe\u2019de devriye gezen polis ekiplerinin deste\u011fiyle zamanla yar\u0131\u015ft\u0131. Adaylardan kimileri otob\u00fcsten yanl\u0131\u015f durakta inmesi nedeniyle zor durumda kal\u0131rken, kimileri ise s\u0131nav yerini kar\u0131\u015ft\u0131rd\u0131. T\u00fcm bu durumlarda, \u00f6\u011frenciler resmi polis ara\u00e7lar\u0131yla en k\u0131sa s\u00fcrede s\u0131nav salonlar\u0131na yeti\u015ftirildi.<br \/>\n<br \/>G\u00f6r\u00fcnt\u00fclere yans\u0131yan olaylarda, \u00f6\u011frencilerin panik ve heyecanla polis ara\u00e7lar\u0131ndan indi\u011fi emniyet ekiplerinin ise sakinle\u015ftirici bir tutumla destek sundu\u011fu g\u00f6zlemlendi. Polislerin h\u0131zl\u0131 refleksi sayesinde \u00f6\u011frenciler s\u0131nava son dakikada da olsa yeti\u015fti.<br \/><\/p>\n","protected":false},"excerpt":{"rendered":"<p>Mu\u011fla\u2019da ger\u00e7ekle\u015ftirilen \u00d6l\u00e7me, Se\u00e7me ve Yerle\u015ftirme Merkezi (\u00d6SYM) s\u0131nav\u0131na dakikalar kala baz\u0131 adaylar, \u00e7e\u015fitli sebeplerle s\u0131nav salonlar\u0131na ula\u015fmakta zorland\u0131. Trafik yo\u011funlu\u011fu, yanl\u0131\u015f s\u0131nav yeri bilgisi veya ge\u00e7 kalma gibi nedenlerle zor anlar ya\u015fayan adaylar\u0131n imdad\u0131na ise Mu\u011fla \u0130l Emniyet M\u00fcd\u00fcrl\u00fc\u011f\u00fc\u2019ne ba\u011fl\u0131 trafik ve asayi\u015f ekipleri yeti\u015fti. Kent genelinde s\u0131nav g\u00fcn\u00fc \u00f6zel olarak g\u00f6revlendirilen ekipler, s\u0131nav&#8230;<\/p>\n","protected":false},"author":1,"featured_media":36711,"comment_status":"open","ping_status":"open","sticky":false,"template":"","format":"standard","meta":{"_crdt_document":"","footnotes":""},"categories":[1],"tags":[],"class_list":["post-36710","post","type-post","status-publish","format-standard","has-post-thumbnail","hentry","category-guncel"],"_links":{"self":[{"href":"https:\/\/www.egemtv.com\/index.php?rest_route=\/wp\/v2\/posts\/36710","targetHints":{"allow":["GET"]}}],"collection":[{"href":"https:\/\/www.egemtv.com\/index.php?rest_route=\/wp\/v2\/posts"}],"about":[{"href":"https:\/\/www.egemtv.com\/index.php?rest_route=\/wp\/v2\/types\/post"}],"author":[{"embeddable":true,"href":"https:\/\/www.egemtv.com\/index.php?rest_route=\/wp\/v2\/users\/1"}],"replies":[{"embeddable":true,"href":"https:\/\/www.egemtv.com\/index.php?rest_route=%2Fwp%2Fv2%2Fcomments&post=36710"}],"version-history":[{"count":1,"href":"https:\/\/www.egemtv.com\/index.php?rest_route=\/wp\/v2\/posts\/36710\/revisions"}],"predecessor-version":[{"id":36712,"href":"https:\/\/www.egemtv.com\/index.php?rest_route=\/wp\/v2\/posts\/36710\/revisions\/36712"}],"wp:featuredmedia":[{"embeddable":true,"href":"https:\/\/www.egemtv.com\/index.php?rest_route=\/wp\/v2\/media\/36711"}],"wp:attachment":[{"href":"https:\/\/www.egemtv.com\/index.php?rest_route=%2Fwp%2Fv2%2Fmedia&parent=36710"}],"wp:term":[{"taxonomy":"category","embeddable":true,"href":"https:\/\/www.egemtv.com\/index.php?rest_route=%2Fwp%2Fv2%2Fcategories&post=36710"},{"taxonomy":"post_tag","embeddable":true,"href":"https:\/\/www.egemtv.com\/index.php?rest_route=%2Fwp%2Fv2%2Ftags&post=36710"}],"curies":[{"name":"wp","href":"https:\/\/api.w.org\/{rel}","templated":true}]}}