{"id":36704,"date":"2025-06-21T10:56:05","date_gmt":"2025-06-21T07:56:05","guid":{"rendered":"https:\/\/www.egemtv.com\/?p=36704"},"modified":"2025-06-21T10:56:09","modified_gmt":"2025-06-21T07:56:09","slug":"yarali-halde-bulunan-baykus-jandarma-ekiplerince-kurtarildi","status":"publish","type":"post","link":"https:\/\/www.egemtv.com\/?p=36704","title":{"rendered":"Yaral\u0131 halde bulunan bayku\u015f, jandarma ekiplerince kurtar\u0131ld\u0131"},"content":{"rendered":"<p>Ayd\u0131n\u2019\u0131n Ku\u015fadas\u0131 il\u00e7esinde yaral\u0131 halde bulunan bayku\u015f, jandarma ekiplerince kurtar\u0131larak do\u011fa koruma ekiplerine teslim edildi.<br \/>\n<br \/>Ayd\u0131n \u0130l Jandarma Komutanl\u0131\u011f\u0131 \u00c7evre ve Hayvanlar\u0131 Koruma Timi (HAYD\u0130) il genelindeki do\u011fa koruma faaliyetlerine aral\u0131ks\u0131z devam ediyor. Bu kapsamda ekipler, Ku\u015fadas\u0131 il\u00e7esi Davutlar Mahallesi\u2019nde yaral\u0131 halde bulunan bayku\u015f bulundu. Yaral\u0131 ku\u015fu koruma alt\u0131na al\u0131nan ekipler, daha sonra bayku\u015fu tedavi ve rehabilite edilerek tekrardan do\u011fal ya\u015fam alan\u0131na b\u0131rak\u0131lmas\u0131 i\u00e7in Ku\u015fadas\u0131 Do\u011fa Koruma ve Milli Parklar M\u00fcd\u00fcrl\u00fc\u011f\u00fc ekiplerine teslim etti. Tedaviye al\u0131nan bayku\u015f iyile\u015fmesinin ard\u0131ndan yeniden do\u011faya sal\u0131nacak.<br \/><\/p>\n","protected":false},"excerpt":{"rendered":"<p>Ayd\u0131n\u2019\u0131n Ku\u015fadas\u0131 il\u00e7esinde yaral\u0131 halde bulunan bayku\u015f, jandarma ekiplerince kurtar\u0131larak do\u011fa koruma ekiplerine teslim edildi. Ayd\u0131n \u0130l Jandarma Komutanl\u0131\u011f\u0131 \u00c7evre ve Hayvanlar\u0131 Koruma Timi (HAYD\u0130) il genelindeki do\u011fa koruma faaliyetlerine aral\u0131ks\u0131z devam ediyor. Bu kapsamda ekipler, Ku\u015fadas\u0131 il\u00e7esi Davutlar Mahallesi\u2019nde yaral\u0131 halde bulunan bayku\u015f bulundu. Yaral\u0131 ku\u015fu koruma alt\u0131na al\u0131nan ekipler, daha sonra bayku\u015fu tedavi&#8230;<\/p>\n","protected":false},"author":1,"featured_media":36705,"comment_status":"open","ping_status":"open","sticky":false,"template":"","format":"standard","meta":{"_crdt_document":"","footnotes":""},"categories":[1],"tags":[],"class_list":["post-36704","post","type-post","status-publish","format-standard","has-post-thumbnail","hentry","category-guncel"],"_links":{"self":[{"href":"https:\/\/www.egemtv.com\/index.php?rest_route=\/wp\/v2\/posts\/36704","targetHints":{"allow":["GET"]}}],"collection":[{"href":"https:\/\/www.egemtv.com\/index.php?rest_route=\/wp\/v2\/posts"}],"about":[{"href":"https:\/\/www.egemtv.com\/index.php?rest_route=\/wp\/v2\/types\/post"}],"author":[{"embeddable":true,"href":"https:\/\/www.egemtv.com\/index.php?rest_route=\/wp\/v2\/users\/1"}],"replies":[{"embeddable":true,"href":"https:\/\/www.egemtv.com\/index.php?rest_route=%2Fwp%2Fv2%2Fcomments&post=36704"}],"version-history":[{"count":1,"href":"https:\/\/www.egemtv.com\/index.php?rest_route=\/wp\/v2\/posts\/36704\/revisions"}],"predecessor-version":[{"id":36706,"href":"https:\/\/www.egemtv.com\/index.php?rest_route=\/wp\/v2\/posts\/36704\/revisions\/36706"}],"wp:featuredmedia":[{"embeddable":true,"href":"https:\/\/www.egemtv.com\/index.php?rest_route=\/wp\/v2\/media\/36705"}],"wp:attachment":[{"href":"https:\/\/www.egemtv.com\/index.php?rest_route=%2Fwp%2Fv2%2Fmedia&parent=36704"}],"wp:term":[{"taxonomy":"category","embeddable":true,"href":"https:\/\/www.egemtv.com\/index.php?rest_route=%2Fwp%2Fv2%2Fcategories&post=36704"},{"taxonomy":"post_tag","embeddable":true,"href":"https:\/\/www.egemtv.com\/index.php?rest_route=%2Fwp%2Fv2%2Ftags&post=36704"}],"curies":[{"name":"wp","href":"https:\/\/api.w.org\/{rel}","templated":true}]}}