{"id":36656,"date":"2025-06-20T20:39:33","date_gmt":"2025-06-20T17:39:33","guid":{"rendered":"https:\/\/www.egemtv.com\/?p=36656"},"modified":"2025-06-20T20:39:38","modified_gmt":"2025-06-20T17:39:38","slug":"marmaristeki-silahli-catisma-aninin-goruntuleri-ortaya-cikti","status":"publish","type":"post","link":"https:\/\/www.egemtv.com\/?p=36656","title":{"rendered":"Marmaris\u2019teki silahl\u0131 \u00e7at\u0131\u015fma an\u0131n\u0131n g\u00f6r\u00fcnt\u00fcleri ortaya \u00e7\u0131kt\u0131"},"content":{"rendered":"<p>Mu\u011fla\u2019n\u0131n Marmaris il\u00e7esinde iki grup aras\u0131nda \u00e7\u0131kan ve 1 ki\u015finin \u00f6ld\u00fc\u011f\u00fc silahl\u0131 \u00e7at\u0131\u015fman\u0131n g\u00fcvenlik kameras\u0131 g\u00f6r\u00fcnt\u00fcleri ortaya \u00e7\u0131kt\u0131.<br \/>\n<br \/>Olay, gece saat 04.30 s\u0131ralar\u0131nda Tepe Mahallesi 36. Sokak \u00fczerinde meydana geldi. Edinilen bilgiye g\u00f6re, iki grup aras\u0131nda hen\u00fcz belirlenemeyen bir nedenle silahl\u0131 \u00e7at\u0131\u015fma \u00e7\u0131kt\u0131. \u00c7at\u0131\u015fmada, a\u011f\u0131r yaralanan ve taraflardan biri olan \u00c7a\u011flar Ko\u00e7 isimli \u015fah\u0131s kald\u0131r\u0131ld\u0131\u011f\u0131 hastanede hayat\u0131n\u0131 kaybetti. Olay\u0131n ard\u0131ndan Marmaris \u0130l\u00e7e Emniyet M\u00fcd\u00fcrl\u00fc\u011f\u00fcne ba\u011fl\u0131 Asayi\u015f B\u00fcro ekipleri \u00e7evrede geni\u015f \u00e7apl\u0131 g\u00fcvenlik \u00f6nlemi al\u0131rken, b\u00f6lgedeki g\u00fcvenlik kameralar\u0131 incelemeye al\u0131nd\u0131. Marmaris Cumhuriyet Ba\u015fsavc\u0131l\u0131\u011f\u0131 talimat\u0131 ile polis ekipleri olayla ilgili \u00e7ok y\u00f6nl\u00fc soru\u015fturma ba\u015flat\u0131rken, \u015f\u00fcphelilerin yakalanmas\u0131 i\u00e7in \u00e7al\u0131\u015fmalar\u0131n s\u00fcrd\u00fc\u011f\u00fc bildirildi.<\/p>\n<p>Olay an\u0131 g\u00f6r\u00fcnt\u00fcleri ortaya \u00e7\u0131kt\u0131<br \/>\n<br \/>Ya\u015fanan silahl\u0131 \u00e7at\u0131\u015famaya ait g\u00fcvenlik kameras\u0131 g\u00f6r\u00fcnt\u00fcleri ortaya \u00e7\u0131kt\u0131. G\u00f6r\u00fcnt\u00fclerde iki grubun sokak ortas\u0131nda birbirine silahla ate\u015f etti\u011fi ve ka\u00e7t\u0131\u011f\u0131, olayda \u00f6len \u00c7a\u011flar Ko\u00e7\u2019un da vurularak yere d\u00fc\u015fme anlar\u0131 g\u00f6r\u00fcnt\u00fclerde yer ald\u0131.<br \/><\/p>\n","protected":false},"excerpt":{"rendered":"<p>Mu\u011fla\u2019n\u0131n Marmaris il\u00e7esinde iki grup aras\u0131nda \u00e7\u0131kan ve 1 ki\u015finin \u00f6ld\u00fc\u011f\u00fc silahl\u0131 \u00e7at\u0131\u015fman\u0131n g\u00fcvenlik kameras\u0131 g\u00f6r\u00fcnt\u00fcleri ortaya \u00e7\u0131kt\u0131. Olay, gece saat 04.30 s\u0131ralar\u0131nda Tepe Mahallesi 36. Sokak \u00fczerinde meydana geldi. Edinilen bilgiye g\u00f6re, iki grup aras\u0131nda hen\u00fcz belirlenemeyen bir nedenle silahl\u0131 \u00e7at\u0131\u015fma \u00e7\u0131kt\u0131. \u00c7at\u0131\u015fmada, a\u011f\u0131r yaralanan ve taraflardan biri olan \u00c7a\u011flar Ko\u00e7 isimli \u015fah\u0131s kald\u0131r\u0131ld\u0131\u011f\u0131&#8230;<\/p>\n","protected":false},"author":1,"featured_media":36657,"comment_status":"open","ping_status":"open","sticky":false,"template":"","format":"standard","meta":{"_crdt_document":"","footnotes":""},"categories":[5],"tags":[],"class_list":["post-36656","post","type-post","status-publish","format-standard","has-post-thumbnail","hentry","category-asayis"],"_links":{"self":[{"href":"https:\/\/www.egemtv.com\/index.php?rest_route=\/wp\/v2\/posts\/36656","targetHints":{"allow":["GET"]}}],"collection":[{"href":"https:\/\/www.egemtv.com\/index.php?rest_route=\/wp\/v2\/posts"}],"about":[{"href":"https:\/\/www.egemtv.com\/index.php?rest_route=\/wp\/v2\/types\/post"}],"author":[{"embeddable":true,"href":"https:\/\/www.egemtv.com\/index.php?rest_route=\/wp\/v2\/users\/1"}],"replies":[{"embeddable":true,"href":"https:\/\/www.egemtv.com\/index.php?rest_route=%2Fwp%2Fv2%2Fcomments&post=36656"}],"version-history":[{"count":1,"href":"https:\/\/www.egemtv.com\/index.php?rest_route=\/wp\/v2\/posts\/36656\/revisions"}],"predecessor-version":[{"id":36658,"href":"https:\/\/www.egemtv.com\/index.php?rest_route=\/wp\/v2\/posts\/36656\/revisions\/36658"}],"wp:featuredmedia":[{"embeddable":true,"href":"https:\/\/www.egemtv.com\/index.php?rest_route=\/wp\/v2\/media\/36657"}],"wp:attachment":[{"href":"https:\/\/www.egemtv.com\/index.php?rest_route=%2Fwp%2Fv2%2Fmedia&parent=36656"}],"wp:term":[{"taxonomy":"category","embeddable":true,"href":"https:\/\/www.egemtv.com\/index.php?rest_route=%2Fwp%2Fv2%2Fcategories&post=36656"},{"taxonomy":"post_tag","embeddable":true,"href":"https:\/\/www.egemtv.com\/index.php?rest_route=%2Fwp%2Fv2%2Ftags&post=36656"}],"curies":[{"name":"wp","href":"https:\/\/api.w.org\/{rel}","templated":true}]}}