{"id":36653,"date":"2025-06-20T20:19:36","date_gmt":"2025-06-20T17:19:36","guid":{"rendered":"https:\/\/www.egemtv.com\/?p=36653"},"modified":"2025-06-20T20:19:41","modified_gmt":"2025-06-20T17:19:41","slug":"motosiklet-surucusu-metrelerce-suruklendi","status":"publish","type":"post","link":"https:\/\/www.egemtv.com\/?p=36653","title":{"rendered":"Motosiklet s\u00fcr\u00fcc\u00fcs\u00fc metrelerce s\u00fcr\u00fcklendi"},"content":{"rendered":"<p>Ayd\u0131n\u2019\u0131n S\u00f6ke il\u00e7esinde otomobil ile motosikletin \u00e7arp\u0131\u015fmas\u0131 sonucu meydana gelen trafik kazas\u0131nda 17 ya\u015f\u0131ndaki motosiklet s\u00fcr\u00fcc\u00fcs\u00fc metrelerce s\u00fcr\u00fcklenerek yaraland\u0131.<br \/>\n<br \/>Kaza, S\u00f6ke-Didim Karayolu \u00fczerindeki Yenido\u011fan Mahallesi \u00d6zbey Kav\u015fa\u011f\u0131\u2019nda meydana geldi. Edinilen bilgiye g\u00f6re S.E.D. (19) idaresindeki 09 YL 735 plakal\u0131 otomobil, Didim istikametinden S\u00f6ke y\u00f6n\u00fcne seyir halindeyken kav\u015faktan ana yola \u00e7\u0131kan B.Y. (17) y\u00f6netimindeki 09 AHT 427 plakal\u0131 motosiklete \u00e7arpt\u0131. \u00c7arp\u0131\u015fmada motosiklet ve s\u00fcr\u00fcc\u00fcs\u00fc metrelerce s\u00fcr\u00fcklendi. Kazada, motosiklet s\u00fcr\u00fcc\u00fcs\u00fc B.Y. yaralan\u0131rken, vatanda\u015flar durumu 112 Acil \u00c7a\u011fr\u0131 Merkezi\u2019ne bildirdi. \u0130hbar \u00fczerine olay yerine sa\u011fl\u0131k ve jandarma ekipleri sevk edildi. Yaral\u0131 s\u00fcr\u00fcc\u00fcye ilk m\u00fcdahale olay yerinde yap\u0131ld\u0131ktan sonra ambulansla hastaneye kald\u0131r\u0131ld\u0131.<br \/>\n<br \/>Kaza an\u0131 kamerada<br \/>\n<br \/>Kazan\u0131n g\u00fcvenlik kameras\u0131 g\u00f6r\u00fcnt\u00fcleri ortaya \u00e7\u0131kt\u0131. G\u00f6r\u00fcnt\u00fclerde, kav\u015faktan \u00e7\u0131kan motosiklete arac\u0131n \u00e7arpmas\u0131 ve \u00e7arpman\u0131n etkisiyle motosikletin otomobilin \u00f6n\u00fcnde metrelerce s\u00fcr\u00fcklendi\u011fi anlar yer ald\u0131.<br \/>\n<br \/>Kazayla ilgili inceleme ba\u015flat\u0131ld\u0131.<br \/><\/p>\n","protected":false},"excerpt":{"rendered":"<p>Ayd\u0131n\u2019\u0131n S\u00f6ke il\u00e7esinde otomobil ile motosikletin \u00e7arp\u0131\u015fmas\u0131 sonucu meydana gelen trafik kazas\u0131nda 17 ya\u015f\u0131ndaki motosiklet s\u00fcr\u00fcc\u00fcs\u00fc metrelerce s\u00fcr\u00fcklenerek yaraland\u0131. Kaza, S\u00f6ke-Didim Karayolu \u00fczerindeki Yenido\u011fan Mahallesi \u00d6zbey Kav\u015fa\u011f\u0131\u2019nda meydana geldi. Edinilen bilgiye g\u00f6re S.E.D. (19) idaresindeki 09 YL 735 plakal\u0131 otomobil, Didim istikametinden S\u00f6ke y\u00f6n\u00fcne seyir halindeyken kav\u015faktan ana yola \u00e7\u0131kan B.Y. (17) y\u00f6netimindeki 09 AHT&#8230;<\/p>\n","protected":false},"author":1,"featured_media":36654,"comment_status":"open","ping_status":"open","sticky":false,"template":"","format":"standard","meta":{"_crdt_document":"","footnotes":""},"categories":[5],"tags":[],"class_list":["post-36653","post","type-post","status-publish","format-standard","has-post-thumbnail","hentry","category-asayis"],"_links":{"self":[{"href":"https:\/\/www.egemtv.com\/index.php?rest_route=\/wp\/v2\/posts\/36653","targetHints":{"allow":["GET"]}}],"collection":[{"href":"https:\/\/www.egemtv.com\/index.php?rest_route=\/wp\/v2\/posts"}],"about":[{"href":"https:\/\/www.egemtv.com\/index.php?rest_route=\/wp\/v2\/types\/post"}],"author":[{"embeddable":true,"href":"https:\/\/www.egemtv.com\/index.php?rest_route=\/wp\/v2\/users\/1"}],"replies":[{"embeddable":true,"href":"https:\/\/www.egemtv.com\/index.php?rest_route=%2Fwp%2Fv2%2Fcomments&post=36653"}],"version-history":[{"count":1,"href":"https:\/\/www.egemtv.com\/index.php?rest_route=\/wp\/v2\/posts\/36653\/revisions"}],"predecessor-version":[{"id":36655,"href":"https:\/\/www.egemtv.com\/index.php?rest_route=\/wp\/v2\/posts\/36653\/revisions\/36655"}],"wp:featuredmedia":[{"embeddable":true,"href":"https:\/\/www.egemtv.com\/index.php?rest_route=\/wp\/v2\/media\/36654"}],"wp:attachment":[{"href":"https:\/\/www.egemtv.com\/index.php?rest_route=%2Fwp%2Fv2%2Fmedia&parent=36653"}],"wp:term":[{"taxonomy":"category","embeddable":true,"href":"https:\/\/www.egemtv.com\/index.php?rest_route=%2Fwp%2Fv2%2Fcategories&post=36653"},{"taxonomy":"post_tag","embeddable":true,"href":"https:\/\/www.egemtv.com\/index.php?rest_route=%2Fwp%2Fv2%2Ftags&post=36653"}],"curies":[{"name":"wp","href":"https:\/\/api.w.org\/{rel}","templated":true}]}}