{"id":36650,"date":"2025-06-20T19:57:31","date_gmt":"2025-06-20T16:57:31","guid":{"rendered":"https:\/\/www.egemtv.com\/?p=36650"},"modified":"2025-06-20T19:57:36","modified_gmt":"2025-06-20T16:57:36","slug":"nazillide-karne-sevinci","status":"publish","type":"post","link":"https:\/\/www.egemtv.com\/?p=36650","title":{"rendered":"Nazilli\u2019de karne sevinci"},"content":{"rendered":"<p>Ayd\u0131n\u2019\u0131n Nazilli il\u00e7esinde 2024-2025 e\u011fitim-\u00f6\u011fretim y\u0131l\u0131 d\u00fczenlenen karne t\u00f6renleri ile son buldu. \u0130l\u00e7edeki 30 bine yak\u0131n \u00f6\u011frenci karnesine kavu\u015ftu.<\/p>\n<p>\u00dclke genelinde oldu\u011fu gibi Ayd\u0131n\u2019\u0131n Nazilli il\u00e7esinde de 2024-2025 e\u011fitim-\u00f6\u011fretim y\u0131l\u0131n\u0131n ikinci d\u00f6nemi sona erdi. \u0130l\u00e7e genelinde yakla\u015f\u0131k 2 bin 450 \u00f6\u011fretmen ve 30 bin \u00f6\u011frenci karne heyecan\u0131 ya\u015fayarak yaz tatiline \u2019merhaba\u2019 dedi. Karne t\u00f6reni, k\u0131rsal Hask\u00f6y Mahallesi\u2019nde bulunan Hask\u00f6y \u0130lkokulu ve Ortaokulu\u2019nda ger\u00e7ekle\u015ftirildi. Sayg\u0131 duru\u015fu ve \u0130stiklal Mar\u015f\u0131\u2019n\u0131n okunmas\u0131n\u0131n ard\u0131ndan \u0130l\u00e7e Milli E\u011fitim M\u00fcd\u00fcr\u00fc \u0130smail \u015eim\u015fek g\u00fcn\u00fcn anlam ve \u00f6nemini belirten bir konu\u015fma yapt\u0131. M\u00fcd\u00fcr \u0130smail \u015eim\u015fek, yapt\u0131\u011f\u0131 konu\u015fmada, &#8220;2024-2025 e\u011fitim \u00f6\u011fretim y\u0131l\u0131n\u0131 ba\u015far\u0131yla tamamlam\u0131\u015f olman\u0131n hakl\u0131 gururunu hep birlikte ya\u015f\u0131yoruz. Bu s\u00fcre\u00e7te akademik ba\u015far\u0131dan sosyal geli\u015fime, k\u00fclt\u00fcrel etkinliklerden de\u011ferler e\u011fitimine kadar pek \u00e7ok alanda \u00f6nemli ad\u0131mlar att\u0131k. \u00c7ocuklar\u0131m\u0131z\u0131 sadece bilgiyle de\u011fil, sevgiyle, emekle ve inan\u00e7la b\u00fcy\u00fctt\u00fck. Bu \u00e7al\u0131\u015fmalar\u0131n meyvelerini, il, b\u00f6lge ve \u00fclke d\u00fczeyindeki yap\u0131lan yar\u0131\u015fmalarda kazand\u0131\u011f\u0131m\u0131z derecelerle elde ettik. TEKNOFEST T\u00fcrkiye birincili\u011fi ile T\u00dcB\u0130TAK T\u00fcrkiye \u00fc\u00e7\u00fcnc\u00fcl\u00fc\u011f\u00fc bunlar\u0131n ba\u015f\u0131nda geliyor. Bursluluk s\u0131nav\u0131nda t\u00fcm sorular\u0131 do\u011fru cevaplayarak 500 tam puan alan \u00f6\u011frencimiz yan\u0131nda, ge\u00e7en Pazar g\u00fcn\u00fc yap\u0131lan LGS s\u0131nav\u0131na giren \u00f6\u011frencilerimizden de g\u00fczel dereceler beklemekteyiz. Bakanl\u0131\u011f\u0131m\u0131z\u0131n ve \u0130l Milli E\u011fitim M\u00fcd\u00fcrl\u00fc\u011f\u00fcm\u00fcz\u00fcn projelerinin yan\u0131nda, Nazilli \u0130l\u00e7e Milli E\u011fitim M\u00fcd\u00fcrl\u00fc\u011f\u00fc olarak, T\u00fcrkiye Y\u00fczy\u0131l\u0131 Maarif Modeli do\u011frultusunda hayata ge\u00e7irdi\u011fimiz 14 projemizle, il\u00e7emizi e\u011fitimde \u00f6rnek bir konuma ta\u015f\u0131man\u0131n mutlulu\u011funu ya\u015f\u0131yoruz. \u2019Gelece\u011fe Kula\u00e7 At\u0131yorum\u2019 projesinden \u2019Nazilli Matematik Olimpiyatlar\u0131\u2019na, \u2019Zeka Oyunlar\u0131\u2019ndan \u2019Karde\u015f Okul\u2019 uygulamas\u0131na kadar pek \u00e7ok de\u011ferli \u00e7al\u0131\u015fmayla \u00f6\u011frencilerimizin \u00e7ok y\u00f6nl\u00fc geli\u015fimini destekledik. Ayr\u0131ca \u2019\u015eehitlerin \u0130zinde\u2019, \u2019S\u0131f\u0131r At\u0131k\u2019, \u2019Bilim S\u00f6yle\u015fileri\u2019 ve \u2019K\u00fclt\u00fcr-Sanat Festivalleri\u2019 gibi projelerimizle hem milli de\u011ferlerimizi ya\u015fatt\u0131k hem de bilimi, sanat\u0131 ve \u00e7evre bilincini gen\u00e7 nesillerimize kazand\u0131rd\u0131k. Nazilli art\u0131k yaln\u0131zca bir il\u00e7e ad\u0131 de\u011fil, e\u011fitimde y\u00fckselen bir de\u011fer, \u00f6rnek bir vizyonun ad\u0131d\u0131r. Hep birlikte daha g\u00fczel yar\u0131nlara y\u00fcr\u00fcmeye devam edece\u011fiz. Bu e\u011fitim yolculu\u011funda, \u00f6zveriyle \u00e7al\u0131\u015fan \u00f6\u011fretmenlerimize, fedakar velilerimize ve bizlere g\u00fcvenen t\u00fcm payda\u015flar\u0131m\u0131za y\u00fcrekten te\u015fekk\u00fcr ediyorum. K\u0131ymetli \u00f6\u011frencilerimiz, sizler bizim en k\u0131ymetli hazinelerimizsiniz. Her birinizin i\u00e7inde parlayan bir y\u0131ld\u0131z var. Tatilde bol bol okuyun, dinlenin, sevdiklerinizle kaliteli zaman ge\u00e7irin. Ayr\u0131ca, yaz aylar\u0131n\u0131n yakla\u015fmas\u0131yla birlikte, toplum olarak b\u00fcy\u00fck hassasiyet g\u00f6stermemiz gereken orman yang\u0131nlar\u0131 konusunda da \u00f6\u011frencilerimizi ve velilerimizi duyarl\u0131 olmaya davet ediyorum. Do\u011fam\u0131z\u0131 korumak, gelece\u011fimizi korumakt\u0131r. Hepinize sa\u011fl\u0131kl\u0131, huzurlu ve verimli bir yaz tatili diliyorum&#8221; dedi.<\/p>\n<p>M\u00fcd\u00fcr \u015eim\u015fek\u2019in konu\u015fmas\u0131n\u0131n ard\u0131ndan \u00f6\u011frenciler taraf\u0131ndan haz\u0131rlanan zeybek g\u00f6sterileri sergilendi. Dereceye giren \u00f6\u011frencilere protokol \u00fcyeleri taraf\u0131ndan \u00f6d\u00fclleri takdim edildi. Son olarak s\u0131n\u0131flara giren protokol \u00fcyeleri \u00e7ocuklara karnelerini verdi.<\/p>\n<p>T\u00f6rene, Nazilli Kaymakam\u0131 Huriye K\u00fcpeli Kan, \u0130l\u00e7e Jandarma Komutan\u0131 Y\u00fczba\u015f\u0131 Ahmet Refik \u00d6zsoy, \u0130l\u00e7e Milli E\u011fitim M\u00fcd\u00fcr\u00fc \u0130smail \u015eim\u015fek, il\u00e7e protokol\u00fc, \u00f6\u011fretmenler, \u00f6\u011frenciler ve veliler kat\u0131ld\u0131.<br \/><\/p>\n","protected":false},"excerpt":{"rendered":"<p>Ayd\u0131n\u2019\u0131n Nazilli il\u00e7esinde 2024-2025 e\u011fitim-\u00f6\u011fretim y\u0131l\u0131 d\u00fczenlenen karne t\u00f6renleri ile son buldu. \u0130l\u00e7edeki 30 bine yak\u0131n \u00f6\u011frenci karnesine kavu\u015ftu. \u00dclke genelinde oldu\u011fu gibi Ayd\u0131n\u2019\u0131n Nazilli il\u00e7esinde de 2024-2025 e\u011fitim-\u00f6\u011fretim y\u0131l\u0131n\u0131n ikinci d\u00f6nemi sona erdi. \u0130l\u00e7e genelinde yakla\u015f\u0131k 2 bin 450 \u00f6\u011fretmen ve 30 bin \u00f6\u011frenci karne heyecan\u0131 ya\u015fayarak yaz tatiline \u2019merhaba\u2019 dedi. Karne t\u00f6reni, k\u0131rsal&#8230;<\/p>\n","protected":false},"author":1,"featured_media":36651,"comment_status":"open","ping_status":"open","sticky":false,"template":"","format":"standard","meta":{"_crdt_document":"","footnotes":""},"categories":[1],"tags":[],"class_list":["post-36650","post","type-post","status-publish","format-standard","has-post-thumbnail","hentry","category-guncel"],"_links":{"self":[{"href":"https:\/\/www.egemtv.com\/index.php?rest_route=\/wp\/v2\/posts\/36650","targetHints":{"allow":["GET"]}}],"collection":[{"href":"https:\/\/www.egemtv.com\/index.php?rest_route=\/wp\/v2\/posts"}],"about":[{"href":"https:\/\/www.egemtv.com\/index.php?rest_route=\/wp\/v2\/types\/post"}],"author":[{"embeddable":true,"href":"https:\/\/www.egemtv.com\/index.php?rest_route=\/wp\/v2\/users\/1"}],"replies":[{"embeddable":true,"href":"https:\/\/www.egemtv.com\/index.php?rest_route=%2Fwp%2Fv2%2Fcomments&post=36650"}],"version-history":[{"count":1,"href":"https:\/\/www.egemtv.com\/index.php?rest_route=\/wp\/v2\/posts\/36650\/revisions"}],"predecessor-version":[{"id":36652,"href":"https:\/\/www.egemtv.com\/index.php?rest_route=\/wp\/v2\/posts\/36650\/revisions\/36652"}],"wp:featuredmedia":[{"embeddable":true,"href":"https:\/\/www.egemtv.com\/index.php?rest_route=\/wp\/v2\/media\/36651"}],"wp:attachment":[{"href":"https:\/\/www.egemtv.com\/index.php?rest_route=%2Fwp%2Fv2%2Fmedia&parent=36650"}],"wp:term":[{"taxonomy":"category","embeddable":true,"href":"https:\/\/www.egemtv.com\/index.php?rest_route=%2Fwp%2Fv2%2Fcategories&post=36650"},{"taxonomy":"post_tag","embeddable":true,"href":"https:\/\/www.egemtv.com\/index.php?rest_route=%2Fwp%2Fv2%2Ftags&post=36650"}],"curies":[{"name":"wp","href":"https:\/\/api.w.org\/{rel}","templated":true}]}}