{"id":36647,"date":"2025-06-20T19:57:26","date_gmt":"2025-06-20T16:57:26","guid":{"rendered":"https:\/\/www.egemtv.com\/?p=36647"},"modified":"2025-06-20T19:57:31","modified_gmt":"2025-06-20T16:57:31","slug":"mentesede-park-halindeki-motosiklet-alev-aldi","status":"publish","type":"post","link":"https:\/\/www.egemtv.com\/?p=36647","title":{"rendered":"Mente\u015fe\u2019de park halindeki motosiklet alev ald\u0131"},"content":{"rendered":"<p>Mu\u011fla\u2019n\u0131n Mente\u015fe il\u00e7esi Orhaniye Mahallesi\u2019nde, 41 Evler mevkiinde bir apartman\u0131n bo\u015flu\u011funda park halinde bulunan motosiklet hen\u00fcz bilinmeyen bir nedenle alev ald\u0131. Olay, \u00e7evredeki vatanda\u015flar\u0131n dumanlar\u0131 fark etmesiyle ortaya \u00e7\u0131kt\u0131.<\/p>\n<p>Edinilen bilgiye g\u00f6re 48 TF 515 plakal\u0131 motosiklet, sahibi park etmesinin k\u0131sa s\u00fcre s\u00fcre sonras\u0131nda hen\u00fcz bilinmeyen bir nedenle alev ald\u0131. Yang\u0131n\u0131 g\u00f6ren vatanda\u015flar durumu hemen 112 Acil \u00c7a\u011fr\u0131 Merkezi\u2019ne bildirdi. \u0130hbar \u00fczerine olay yerine Mu\u011fla B\u00fcy\u00fck\u015fehir Belediyesi\u2019ne ba\u011fl\u0131 itfaiye ekipleri ile sa\u011fl\u0131k ve polis ekipleri sevk edildi. K\u0131sa s\u00fcrede olay yerine ula\u015fan itfaiye ekipleri, alevlere m\u00fcdahale ederek yang\u0131n\u0131 kontrol alt\u0131na ald\u0131 ve s\u00f6nd\u00fcrd\u00fc. Olayda herhangi bir yaralanma meydana gelmezken, motosiklet kullan\u0131lamaz hale geldi. Yang\u0131n\u0131n \u00e7\u0131k\u0131\u015f nedeni ile ilgili inceleme ba\u015flat\u0131ld\u0131.<br \/><\/p>\n","protected":false},"excerpt":{"rendered":"<p>Mu\u011fla\u2019n\u0131n Mente\u015fe il\u00e7esi Orhaniye Mahallesi\u2019nde, 41 Evler mevkiinde bir apartman\u0131n bo\u015flu\u011funda park halinde bulunan motosiklet hen\u00fcz bilinmeyen bir nedenle alev ald\u0131. Olay, \u00e7evredeki vatanda\u015flar\u0131n dumanlar\u0131 fark etmesiyle ortaya \u00e7\u0131kt\u0131. Edinilen bilgiye g\u00f6re 48 TF 515 plakal\u0131 motosiklet, sahibi park etmesinin k\u0131sa s\u00fcre s\u00fcre sonras\u0131nda hen\u00fcz bilinmeyen bir nedenle alev ald\u0131. Yang\u0131n\u0131 g\u00f6ren vatanda\u015flar durumu hemen&#8230;<\/p>\n","protected":false},"author":1,"featured_media":36648,"comment_status":"open","ping_status":"open","sticky":false,"template":"","format":"standard","meta":{"_crdt_document":"","footnotes":""},"categories":[5],"tags":[],"class_list":["post-36647","post","type-post","status-publish","format-standard","has-post-thumbnail","hentry","category-asayis"],"_links":{"self":[{"href":"https:\/\/www.egemtv.com\/index.php?rest_route=\/wp\/v2\/posts\/36647","targetHints":{"allow":["GET"]}}],"collection":[{"href":"https:\/\/www.egemtv.com\/index.php?rest_route=\/wp\/v2\/posts"}],"about":[{"href":"https:\/\/www.egemtv.com\/index.php?rest_route=\/wp\/v2\/types\/post"}],"author":[{"embeddable":true,"href":"https:\/\/www.egemtv.com\/index.php?rest_route=\/wp\/v2\/users\/1"}],"replies":[{"embeddable":true,"href":"https:\/\/www.egemtv.com\/index.php?rest_route=%2Fwp%2Fv2%2Fcomments&post=36647"}],"version-history":[{"count":1,"href":"https:\/\/www.egemtv.com\/index.php?rest_route=\/wp\/v2\/posts\/36647\/revisions"}],"predecessor-version":[{"id":36649,"href":"https:\/\/www.egemtv.com\/index.php?rest_route=\/wp\/v2\/posts\/36647\/revisions\/36649"}],"wp:featuredmedia":[{"embeddable":true,"href":"https:\/\/www.egemtv.com\/index.php?rest_route=\/wp\/v2\/media\/36648"}],"wp:attachment":[{"href":"https:\/\/www.egemtv.com\/index.php?rest_route=%2Fwp%2Fv2%2Fmedia&parent=36647"}],"wp:term":[{"taxonomy":"category","embeddable":true,"href":"https:\/\/www.egemtv.com\/index.php?rest_route=%2Fwp%2Fv2%2Fcategories&post=36647"},{"taxonomy":"post_tag","embeddable":true,"href":"https:\/\/www.egemtv.com\/index.php?rest_route=%2Fwp%2Fv2%2Ftags&post=36647"}],"curies":[{"name":"wp","href":"https:\/\/api.w.org\/{rel}","templated":true}]}}