{"id":36644,"date":"2025-06-20T19:15:42","date_gmt":"2025-06-20T16:15:42","guid":{"rendered":"https:\/\/www.egemtv.com\/?p=36644"},"modified":"2025-06-20T19:15:50","modified_gmt":"2025-06-20T16:15:50","slug":"kuladaki-orman-yangini-kontrol-altinda","status":"publish","type":"post","link":"https:\/\/www.egemtv.com\/?p=36644","title":{"rendered":"Kula\u2019daki orman yang\u0131n\u0131 kontrol alt\u0131nda"},"content":{"rendered":"<p>Manisa\u2019n\u0131n Kula il\u00e7esinde ormanl\u0131k alanda \u00e7\u0131kan yang\u0131n, ekiplerin havadan ve karadan m\u00fcdahalesiyle kontrol alt\u0131na al\u0131nd\u0131.<br \/>\n<br \/>Yang\u0131n, saat 15.00 s\u0131ralar\u0131nda Kal\u0131nharman Mahallesi yak\u0131nlar\u0131nda meydana geldi. Edinilen bilgiye g\u00f6re, yang\u0131na \u0130zmir Orman B\u00f6lge M\u00fcd\u00fcrl\u00fc\u011f\u00fc\u2019ne ba\u011fl\u0131 3 u\u00e7ak, 5 helikopter, 21 araz\u00f6z, 8 su ikmal arac\u0131 ve 3 dozerle m\u00fcdahale edildi. Kula Belediyesi de s\u00f6nd\u00fcrme \u00e7al\u0131\u015fmalar\u0131na 3 kep\u00e7e, 1 dozer, 1 araz\u00f6z, 2 k\u00fc\u00e7\u00fck sulama tankeri, 1 paletli ekskavat\u00f6r ve 20 personelle destek verdi. Yang\u0131na h\u0131zl\u0131 ve koordineli \u015fekilde yap\u0131lan m\u00fcdahale sayesinde alevler, yerle\u015fim yerlerine s\u0131\u00e7ramadan k\u0131sa s\u00fcrede kontrol alt\u0131na al\u0131nd\u0131. So\u011futma \u00e7al\u0131\u015fmalar\u0131n\u0131n s\u00fcrd\u00fc\u011f\u00fc b\u00f6lgede, ekipler yeniden alevlenmelere kar\u015f\u0131 tedbirlerini s\u00fcrd\u00fcr\u00fcyor.<br \/>\n<br \/>Yang\u0131n b\u00f6lgesine gelerek yetkililerden bilgi alan ve Kula Kaymakaml\u0131\u011f\u0131\u2019na vek\u00e2let eden Ala\u015fehir Kaymakam\u0131 Alper Faruk G\u00fcng\u00f6r, yapt\u0131\u011f\u0131 a\u00e7\u0131klamada, &#8220;Yang\u0131na ilk andan itibaren t\u00fcm kurumlar\u0131m\u0131zla koordineli bir \u015fekilde m\u00fcdahale edildi. Eme\u011fi ge\u00e7en t\u00fcm personele te\u015fekk\u00fcr ediyorum&#8221; dedi.<br \/>\n<br \/>\u00d6te yandan, yetkililer \u00f6zellikle hasat sezonunda art\u0131\u015f g\u00f6steren an\u0131z yang\u0131nlar\u0131na dikkat \u00e7ekti.<br \/>\n<br \/>Bu y\u0131l i\u00e7inde \u00e7\u0131kan \u00e7ok say\u0131da an\u0131z yang\u0131n\u0131, kontrols\u00fcz \u015fekilde b\u00fcy\u00fcyerek ormanl\u0131k alanlara s\u0131\u00e7rad\u0131. Sadece an\u0131z yak\u0131m\u0131na neden olan bi\u00e7erd\u00f6ver operat\u00f6rlerine ve tarla sahiplerine y\u00f6nelik toplamda 10 milyon liraya yak\u0131n idari para cezas\u0131 uyguland\u0131\u011f\u0131 \u00f6\u011frenildi. Uzmanlar, an\u0131z yang\u0131nlar\u0131n\u0131n yaln\u0131zca tar\u0131msal alanlar\u0131 de\u011fil, ayn\u0131 zamanda orman ekosistemlerini de tehdit etti\u011fini belirterek, bi\u00e7erd\u00f6ver operat\u00f6rleri ve \u00e7ift\u00e7ilere daha dikkatli olunmas\u0131 \u00e7a\u011fr\u0131s\u0131nda bulundu.<br \/>\n<br \/>Yang\u0131n\u0131n \u00e7\u0131k\u0131\u015f nedeni ile ilgili olarak Orman Genel M\u00fcd\u00fcrl\u00fc\u011f\u00fc ekipleri taraf\u0131ndan inceleme ba\u015flat\u0131ld\u0131.<br \/><\/p>\n","protected":false},"excerpt":{"rendered":"<p>Manisa\u2019n\u0131n Kula il\u00e7esinde ormanl\u0131k alanda \u00e7\u0131kan yang\u0131n, ekiplerin havadan ve karadan m\u00fcdahalesiyle kontrol alt\u0131na al\u0131nd\u0131. Yang\u0131n, saat 15.00 s\u0131ralar\u0131nda Kal\u0131nharman Mahallesi yak\u0131nlar\u0131nda meydana geldi. Edinilen bilgiye g\u00f6re, yang\u0131na \u0130zmir Orman B\u00f6lge M\u00fcd\u00fcrl\u00fc\u011f\u00fc\u2019ne ba\u011fl\u0131 3 u\u00e7ak, 5 helikopter, 21 araz\u00f6z, 8 su ikmal arac\u0131 ve 3 dozerle m\u00fcdahale edildi. Kula Belediyesi de s\u00f6nd\u00fcrme \u00e7al\u0131\u015fmalar\u0131na 3 kep\u00e7e,&#8230;<\/p>\n","protected":false},"author":1,"featured_media":36645,"comment_status":"open","ping_status":"open","sticky":false,"template":"","format":"standard","meta":{"_crdt_document":"","footnotes":""},"categories":[5],"tags":[],"class_list":["post-36644","post","type-post","status-publish","format-standard","has-post-thumbnail","hentry","category-asayis"],"_links":{"self":[{"href":"https:\/\/www.egemtv.com\/index.php?rest_route=\/wp\/v2\/posts\/36644","targetHints":{"allow":["GET"]}}],"collection":[{"href":"https:\/\/www.egemtv.com\/index.php?rest_route=\/wp\/v2\/posts"}],"about":[{"href":"https:\/\/www.egemtv.com\/index.php?rest_route=\/wp\/v2\/types\/post"}],"author":[{"embeddable":true,"href":"https:\/\/www.egemtv.com\/index.php?rest_route=\/wp\/v2\/users\/1"}],"replies":[{"embeddable":true,"href":"https:\/\/www.egemtv.com\/index.php?rest_route=%2Fwp%2Fv2%2Fcomments&post=36644"}],"version-history":[{"count":1,"href":"https:\/\/www.egemtv.com\/index.php?rest_route=\/wp\/v2\/posts\/36644\/revisions"}],"predecessor-version":[{"id":36646,"href":"https:\/\/www.egemtv.com\/index.php?rest_route=\/wp\/v2\/posts\/36644\/revisions\/36646"}],"wp:featuredmedia":[{"embeddable":true,"href":"https:\/\/www.egemtv.com\/index.php?rest_route=\/wp\/v2\/media\/36645"}],"wp:attachment":[{"href":"https:\/\/www.egemtv.com\/index.php?rest_route=%2Fwp%2Fv2%2Fmedia&parent=36644"}],"wp:term":[{"taxonomy":"category","embeddable":true,"href":"https:\/\/www.egemtv.com\/index.php?rest_route=%2Fwp%2Fv2%2Fcategories&post=36644"},{"taxonomy":"post_tag","embeddable":true,"href":"https:\/\/www.egemtv.com\/index.php?rest_route=%2Fwp%2Fv2%2Ftags&post=36644"}],"curies":[{"name":"wp","href":"https:\/\/api.w.org\/{rel}","templated":true}]}}