{"id":36641,"date":"2025-06-20T19:15:36","date_gmt":"2025-06-20T16:15:36","guid":{"rendered":"https:\/\/www.egemtv.com\/?p=36641"},"modified":"2025-06-20T19:15:41","modified_gmt":"2025-06-20T16:15:41","slug":"izmirde-ormanlik-alanda-cikan-yangin-kontrol-altinda","status":"publish","type":"post","link":"https:\/\/www.egemtv.com\/?p=36641","title":{"rendered":"\u0130zmir\u2019de ormanl\u0131k alanda \u00e7\u0131kan yang\u0131n kontrol alt\u0131nda"},"content":{"rendered":"<p>\u0130zmir\u2019in K\u0131n\u0131k il\u00e7esinde ormanl\u0131k alanda \u00e7\u0131kan yang\u0131n, havadan ve karadan m\u00fcdahale sonucu kontrol alt\u0131na al\u0131nd\u0131.<br \/>\n<br \/>Yang\u0131n, saat 13.19\u2019da K\u0131n\u0131k Hamzahocal\u0131 Mahallesi mevkiinde bulunan ormanl\u0131k alanda \u00e7\u0131kt\u0131. Hen\u00fcz belirlenemeyen nedenle \u00e7\u0131kan yang\u0131na \u0130zmir Orman B\u00f6lge M\u00fcd\u00fcrl\u00fc\u011f\u00fc ekipleri 5 u\u00e7ak, 7 helikopter ile havadan 28 araz\u00f6z, 10 su ikmal, 3 dozerle de karadan m\u00fcdahale etti.<br \/>\n<br \/>Alevler, ekiplerin \u00e7al\u0131\u015fmalar\u0131 sonucu kontrol alt\u0131na al\u0131n\u0131rken b\u00f6lgede so\u011futma \u00e7al\u0131\u015fmalar\u0131n\u0131n y\u00fcr\u00fct\u00fcld\u00fc\u011f\u00fc bildirildi.<br \/><\/p>\n","protected":false},"excerpt":{"rendered":"<p>\u0130zmir\u2019in K\u0131n\u0131k il\u00e7esinde ormanl\u0131k alanda \u00e7\u0131kan yang\u0131n, havadan ve karadan m\u00fcdahale sonucu kontrol alt\u0131na al\u0131nd\u0131. Yang\u0131n, saat 13.19\u2019da K\u0131n\u0131k Hamzahocal\u0131 Mahallesi mevkiinde bulunan ormanl\u0131k alanda \u00e7\u0131kt\u0131. Hen\u00fcz belirlenemeyen nedenle \u00e7\u0131kan yang\u0131na \u0130zmir Orman B\u00f6lge M\u00fcd\u00fcrl\u00fc\u011f\u00fc ekipleri 5 u\u00e7ak, 7 helikopter ile havadan 28 araz\u00f6z, 10 su ikmal, 3 dozerle de karadan m\u00fcdahale etti. Alevler, ekiplerin&#8230;<\/p>\n","protected":false},"author":1,"featured_media":36642,"comment_status":"open","ping_status":"open","sticky":false,"template":"","format":"standard","meta":{"_crdt_document":"","footnotes":""},"categories":[5],"tags":[],"class_list":["post-36641","post","type-post","status-publish","format-standard","has-post-thumbnail","hentry","category-asayis"],"_links":{"self":[{"href":"https:\/\/www.egemtv.com\/index.php?rest_route=\/wp\/v2\/posts\/36641","targetHints":{"allow":["GET"]}}],"collection":[{"href":"https:\/\/www.egemtv.com\/index.php?rest_route=\/wp\/v2\/posts"}],"about":[{"href":"https:\/\/www.egemtv.com\/index.php?rest_route=\/wp\/v2\/types\/post"}],"author":[{"embeddable":true,"href":"https:\/\/www.egemtv.com\/index.php?rest_route=\/wp\/v2\/users\/1"}],"replies":[{"embeddable":true,"href":"https:\/\/www.egemtv.com\/index.php?rest_route=%2Fwp%2Fv2%2Fcomments&post=36641"}],"version-history":[{"count":1,"href":"https:\/\/www.egemtv.com\/index.php?rest_route=\/wp\/v2\/posts\/36641\/revisions"}],"predecessor-version":[{"id":36643,"href":"https:\/\/www.egemtv.com\/index.php?rest_route=\/wp\/v2\/posts\/36641\/revisions\/36643"}],"wp:featuredmedia":[{"embeddable":true,"href":"https:\/\/www.egemtv.com\/index.php?rest_route=\/wp\/v2\/media\/36642"}],"wp:attachment":[{"href":"https:\/\/www.egemtv.com\/index.php?rest_route=%2Fwp%2Fv2%2Fmedia&parent=36641"}],"wp:term":[{"taxonomy":"category","embeddable":true,"href":"https:\/\/www.egemtv.com\/index.php?rest_route=%2Fwp%2Fv2%2Fcategories&post=36641"},{"taxonomy":"post_tag","embeddable":true,"href":"https:\/\/www.egemtv.com\/index.php?rest_route=%2Fwp%2Fv2%2Ftags&post=36641"}],"curies":[{"name":"wp","href":"https:\/\/api.w.org\/{rel}","templated":true}]}}