{"id":36635,"date":"2025-06-20T18:36:24","date_gmt":"2025-06-20T15:36:24","guid":{"rendered":"https:\/\/www.egemtv.com\/?p=36635"},"modified":"2025-06-20T18:36:28","modified_gmt":"2025-06-20T15:36:28","slug":"nazillide-karne-toreninde-bir-ilk-yasandi","status":"publish","type":"post","link":"https:\/\/www.egemtv.com\/?p=36635","title":{"rendered":"Nazilli\u2019de karne t\u00f6reninde bir ilk ya\u015fand\u0131"},"content":{"rendered":"<p>Ayd\u0131n\u2019\u0131n Nazilli il\u00e7esinde karne t\u00f6reninde \u00e7ifte mutluluk ya\u015fand\u0131. Derslere kesintisiz \u015fekilde devam eden bir \u00f6\u011frenci ile birlikte 2 alan birincisi A2 s\u00fcr\u00fcc\u00fc belgesi ile \u00f6d\u00fcllendirildi. Motosiklet kazalar\u0131na dikkat \u00e7ekmek ve gen\u00e7leri bilin\u00e7li motosiklet kullan\u0131m\u0131n\u0131 \u00f6zendirmeyi de ama\u00e7layan uygulama takdir g\u00f6rd\u00fc.<\/p>\n<p>Yaz tatili \u00f6ncesi karne t\u00f6reni d\u00fczenlenen Nazilli Mesleki ve Teknik Anadolu Lisesi\u2019nde yine bir ilk ger\u00e7ekle\u015ftirildi. Okul M\u00fcd\u00fcr\u00fc Faruk Al ve Okul Aile Birli\u011fi taraf\u0131ndan okulun ba\u015far\u0131l\u0131 \u00f6\u011frencileri ve derslerini hi\u00e7 aksatmadan okula gelen bir \u00f6\u011frenci, \u00e7e\u015fitli hediyelerin yan\u0131s\u0131ra motosiklet ehliyeti ile \u00f6d\u00fcllendirildi. T\u00f6rende \u00f6\u011frencilerini \u00f6d\u00fcllendiren okul M\u00fcd\u00fcr\u00fc Faruk Al, \u00f6\u011frenciler ve \u00f6\u011fretmenlerden b\u00fcy\u00fck alk\u0131\u015f ald\u0131.<\/p>\n<p>\u00dclke genelinde oldu\u011fu gibi Ayd\u0131n\u2019\u0131n Nazilli il\u00e7esinde de karne t\u00f6renleri d\u00fczenlendi. Nazilli Mesleki ve Teknik Anadolu Lisesi\u2019nde (NAMTAL) d\u00fczenlenen farkl\u0131 t\u00f6ren ise ak\u0131llarda kalacak t\u00fcrden ger\u00e7ekle\u015fti. Ge\u00e7ti\u011fimiz y\u0131l m\u00fcd\u00fcr olarak okula tayin edilen Faruk Al, e\u011fitimde kaliteyi art\u0131rma ve \u00f6\u011frencilerin e\u011fitime olan ilgilerini de art\u0131rmay\u0131 hedefleyen projelerle s\u0131k s\u0131k g\u00fcndeme geldi. Karne t\u00f6reni s\u0131ras\u0131nda \u00f6\u011frencilerini hem motive etme hem de tatil s\u00fcresince iyi dinlenmelerini \u00f6\u011f\u00fctleyen bir konu\u015fma yapan M\u00fcd\u00fcr al, konu\u015fmas\u0131n\u0131n sonunda ba\u015far\u0131l\u0131 \u00f6\u011frencilere s\u00fcrpriz yapt\u0131. Okul Aile Birli\u011fi\u2019nin de deste\u011fi ile Anadolu Teknik program\u0131 birincisi Hazar Ba\u011f\u0131rl\u0131, Anadolu Meslek Program\u0131 birincisi Mustafa Karda\u015f ve derslerini hi\u00e7 aksatmayarak devams\u0131zl\u0131k yapmayan Anadolu Meslek Program\u0131 9\/B s\u0131n\u0131f\u0131ndan Efekan \u00c7\u0131rak, \u00e7e\u015fitli hediyelerin yan\u0131s\u0131ra motosiklet ehliyeti ile \u00f6d\u00fcllendirildi.<\/p>\n<p>Te\u015fekk\u00fcr etti<br \/>\n<br \/>Okul M\u00fcd\u00fcr\u00fcne ve okul aile birli\u011fine te\u015fekk\u00fcr eden Efekan \u00c7\u0131rak, &#8220;Derslerimde hi\u00e7 devams\u0131zl\u0131k yapmad\u0131\u011f\u0131m i\u00e7in bana \u00e7ok \u00f6zel bir \u00f6d\u00fcl verdiler. \u00c7ok mutluyum. Ama ya\u015f\u0131m \u015fu an 15 oldu\u011fu i\u00e7in hen\u00fcz motosiklet ehliyeti alamayaca\u011f\u0131m. Ya\u015f\u0131m 16 olunca hediyeme kavu\u015faca\u011f\u0131m. Motosiklet kazalar\u0131na dikkat \u00e7ekmek ve okula devams\u0131zl\u0131\u011f\u0131 ortadan kald\u0131rabilmek ad\u0131na b\u00f6yle bir jesti yapan okul m\u00fcd\u00fcr\u00fcm\u00fcze ve okul aile birli\u011fimize \u00e7ok te\u015fekk\u00fcr ediyorum. Seneye de in\u015fallah \u00f6d\u00fcle aday\u0131m. Dersi derste dinlememiz laz\u0131m&#8221; dedi.<br \/><\/p>\n","protected":false},"excerpt":{"rendered":"<p>Ayd\u0131n\u2019\u0131n Nazilli il\u00e7esinde karne t\u00f6reninde \u00e7ifte mutluluk ya\u015fand\u0131. Derslere kesintisiz \u015fekilde devam eden bir \u00f6\u011frenci ile birlikte 2 alan birincisi A2 s\u00fcr\u00fcc\u00fc belgesi ile \u00f6d\u00fcllendirildi. Motosiklet kazalar\u0131na dikkat \u00e7ekmek ve gen\u00e7leri bilin\u00e7li motosiklet kullan\u0131m\u0131n\u0131 \u00f6zendirmeyi de ama\u00e7layan uygulama takdir g\u00f6rd\u00fc. Yaz tatili \u00f6ncesi karne t\u00f6reni d\u00fczenlenen Nazilli Mesleki ve Teknik Anadolu Lisesi\u2019nde yine bir ilk&#8230;<\/p>\n","protected":false},"author":1,"featured_media":36636,"comment_status":"open","ping_status":"open","sticky":false,"template":"","format":"standard","meta":{"_crdt_document":"","footnotes":""},"categories":[1],"tags":[],"class_list":["post-36635","post","type-post","status-publish","format-standard","has-post-thumbnail","hentry","category-guncel"],"_links":{"self":[{"href":"https:\/\/www.egemtv.com\/index.php?rest_route=\/wp\/v2\/posts\/36635","targetHints":{"allow":["GET"]}}],"collection":[{"href":"https:\/\/www.egemtv.com\/index.php?rest_route=\/wp\/v2\/posts"}],"about":[{"href":"https:\/\/www.egemtv.com\/index.php?rest_route=\/wp\/v2\/types\/post"}],"author":[{"embeddable":true,"href":"https:\/\/www.egemtv.com\/index.php?rest_route=\/wp\/v2\/users\/1"}],"replies":[{"embeddable":true,"href":"https:\/\/www.egemtv.com\/index.php?rest_route=%2Fwp%2Fv2%2Fcomments&post=36635"}],"version-history":[{"count":1,"href":"https:\/\/www.egemtv.com\/index.php?rest_route=\/wp\/v2\/posts\/36635\/revisions"}],"predecessor-version":[{"id":36637,"href":"https:\/\/www.egemtv.com\/index.php?rest_route=\/wp\/v2\/posts\/36635\/revisions\/36637"}],"wp:featuredmedia":[{"embeddable":true,"href":"https:\/\/www.egemtv.com\/index.php?rest_route=\/wp\/v2\/media\/36636"}],"wp:attachment":[{"href":"https:\/\/www.egemtv.com\/index.php?rest_route=%2Fwp%2Fv2%2Fmedia&parent=36635"}],"wp:term":[{"taxonomy":"category","embeddable":true,"href":"https:\/\/www.egemtv.com\/index.php?rest_route=%2Fwp%2Fv2%2Fcategories&post=36635"},{"taxonomy":"post_tag","embeddable":true,"href":"https:\/\/www.egemtv.com\/index.php?rest_route=%2Fwp%2Fv2%2Ftags&post=36635"}],"curies":[{"name":"wp","href":"https:\/\/api.w.org\/{rel}","templated":true}]}}