{"id":36632,"date":"2025-06-20T18:36:19","date_gmt":"2025-06-20T15:36:19","guid":{"rendered":"https:\/\/www.egemtv.com\/?p=36632"},"modified":"2025-06-20T18:36:24","modified_gmt":"2025-06-20T15:36:24","slug":"damlacik-deresinde-detayli-temizlik-calismasi","status":"publish","type":"post","link":"https:\/\/www.egemtv.com\/?p=36632","title":{"rendered":"Damlac\u0131k Deresi\u2019nde detayl\u0131 temizlik \u00e7al\u0131\u015fmas\u0131"},"content":{"rendered":"<p>Ku\u015fadas\u0131 Belediyesi, kent merkezinden ge\u00e7en Damlac\u0131k Deresi\u2019nde, detayl\u0131 hijyen ve temizlik \u00e7al\u0131\u015fmalar\u0131n\u0131 aral\u0131ks\u0131z s\u00fcrd\u00fcr\u00fcyor.<\/p>\n<p>Kent hijyeni konusunda belirlenen program d\u00e2hilinde, farkl\u0131 noktalarda 7 g\u00fcn 24 saat \u00e7al\u0131\u015fmalar\u0131na devam eden Ku\u015fadas\u0131 Belediyesi, y\u00fcksek turizm sezonunun ba\u015flamas\u0131yla birlikte temizlik mesaisini de yo\u011funla\u015ft\u0131rd\u0131. Bu kapsamda bak\u0131m ve sorumlulu\u011funun hangi kamu kurumuna ait oldu\u011funa ili\u015fkin belirsizlik ya\u015fanan Damlac\u0131k Deresi\u2019nde, Temizlik \u0130\u015fleri M\u00fcd\u00fcrl\u00fc\u011f\u00fc ekipleri detayl\u0131 hijyen \u00e7al\u0131\u015fmas\u0131 ger\u00e7ekle\u015ftirdi. Ekipler, dere taban\u0131na indirilen i\u015f makinesi vas\u0131tas\u0131yla \u00f6zellikle s\u0131cak havalarda k\u00f6t\u00fc kokuya neden olan \u00e7amur ve yosun tabakas\u0131n\u0131 temizledi. \u00c7al\u0131\u015fmay\u0131 memnuniyetle kar\u015f\u0131layan esnaf ve Ku\u015fadal\u0131lar Ba\u015fkan \u00d6mer G\u00fcnel\u2019e te\u015fekk\u00fcr etti.<br \/><\/p>\n","protected":false},"excerpt":{"rendered":"<p>Ku\u015fadas\u0131 Belediyesi, kent merkezinden ge\u00e7en Damlac\u0131k Deresi\u2019nde, detayl\u0131 hijyen ve temizlik \u00e7al\u0131\u015fmalar\u0131n\u0131 aral\u0131ks\u0131z s\u00fcrd\u00fcr\u00fcyor. Kent hijyeni konusunda belirlenen program d\u00e2hilinde, farkl\u0131 noktalarda 7 g\u00fcn 24 saat \u00e7al\u0131\u015fmalar\u0131na devam eden Ku\u015fadas\u0131 Belediyesi, y\u00fcksek turizm sezonunun ba\u015flamas\u0131yla birlikte temizlik mesaisini de yo\u011funla\u015ft\u0131rd\u0131. Bu kapsamda bak\u0131m ve sorumlulu\u011funun hangi kamu kurumuna ait oldu\u011funa ili\u015fkin belirsizlik ya\u015fanan Damlac\u0131k Deresi\u2019nde,&#8230;<\/p>\n","protected":false},"author":1,"featured_media":36633,"comment_status":"open","ping_status":"open","sticky":false,"template":"","format":"standard","meta":{"_crdt_document":"","footnotes":""},"categories":[1],"tags":[],"class_list":["post-36632","post","type-post","status-publish","format-standard","has-post-thumbnail","hentry","category-guncel"],"_links":{"self":[{"href":"https:\/\/www.egemtv.com\/index.php?rest_route=\/wp\/v2\/posts\/36632","targetHints":{"allow":["GET"]}}],"collection":[{"href":"https:\/\/www.egemtv.com\/index.php?rest_route=\/wp\/v2\/posts"}],"about":[{"href":"https:\/\/www.egemtv.com\/index.php?rest_route=\/wp\/v2\/types\/post"}],"author":[{"embeddable":true,"href":"https:\/\/www.egemtv.com\/index.php?rest_route=\/wp\/v2\/users\/1"}],"replies":[{"embeddable":true,"href":"https:\/\/www.egemtv.com\/index.php?rest_route=%2Fwp%2Fv2%2Fcomments&post=36632"}],"version-history":[{"count":1,"href":"https:\/\/www.egemtv.com\/index.php?rest_route=\/wp\/v2\/posts\/36632\/revisions"}],"predecessor-version":[{"id":36634,"href":"https:\/\/www.egemtv.com\/index.php?rest_route=\/wp\/v2\/posts\/36632\/revisions\/36634"}],"wp:featuredmedia":[{"embeddable":true,"href":"https:\/\/www.egemtv.com\/index.php?rest_route=\/wp\/v2\/media\/36633"}],"wp:attachment":[{"href":"https:\/\/www.egemtv.com\/index.php?rest_route=%2Fwp%2Fv2%2Fmedia&parent=36632"}],"wp:term":[{"taxonomy":"category","embeddable":true,"href":"https:\/\/www.egemtv.com\/index.php?rest_route=%2Fwp%2Fv2%2Fcategories&post=36632"},{"taxonomy":"post_tag","embeddable":true,"href":"https:\/\/www.egemtv.com\/index.php?rest_route=%2Fwp%2Fv2%2Ftags&post=36632"}],"curies":[{"name":"wp","href":"https:\/\/api.w.org\/{rel}","templated":true}]}}