{"id":36629,"date":"2025-06-20T18:36:13","date_gmt":"2025-06-20T15:36:13","guid":{"rendered":"https:\/\/www.egemtv.com\/?p=36629"},"modified":"2025-06-20T18:36:19","modified_gmt":"2025-06-20T15:36:19","slug":"fethiyede-23-yasindaki-genc-bicaklanarak-olduruldu","status":"publish","type":"post","link":"https:\/\/www.egemtv.com\/?p=36629","title":{"rendered":"Fethiye\u2019de 23 ya\u015f\u0131ndaki gen\u00e7 b\u0131\u00e7aklanarak \u00f6ld\u00fcr\u00fcld\u00fc"},"content":{"rendered":"<p>Fethiye\u2019de 23 ya\u015f\u0131ndaki \u00d6mer Bayram Fidan, arkada\u015f\u0131 B.E.B.\u2019nin evinde b\u0131\u00e7aklanm\u0131\u015f halde \u00f6l\u00fc bulundu. Cinayet \u015f\u00fcphesiyle ba\u015flat\u0131lan soru\u015fturma kapsam\u0131nda kay\u0131plara kar\u0131\u015fan B.E.B., Antalya\u2019da Jandarma Su\u00e7 Ara\u015ft\u0131rma Timi (JASAT) taraf\u0131ndan yakaland\u0131.<\/p>\n<p>Fethiye\u2019nin G\u00f6cek Mahallesi\u2019nde ya\u015fanan olayda, 23 ya\u015f\u0131ndaki \u00d6mer Bayram Fidan, arkada\u015f\u0131 oldu\u011fu \u00f6\u011frenilen B.E.B.\u2019nin evinde b\u0131\u00e7aklanm\u0131\u015f halde \u00f6l\u00fc bulundu. Edinilen bilgilere g\u00f6re, ihbar \u00fczerine olay yerine sevk edilen jandarma ekipleri, Fidan\u2019\u0131n hayat\u0131n\u0131 kaybetti\u011fini belirledi. B\u0131\u00e7aklanarak \u00f6ld\u00fcr\u00fcld\u00fc\u011f\u00fc de\u011ferlendirilen gencin \u00f6l\u00fcm\u00fcn\u00fcn ard\u0131ndan, ev sahibi ve ayn\u0131 zamanda \u015f\u00fcpheli olarak de\u011ferlendirilen B.E.B. isimli \u015fah\u0131s kay\u0131plara kar\u0131\u015ft\u0131. Olay\u0131n ard\u0131ndan harekete ge\u00e7en jandarma ekipleri, B.E.B.\u2019yi yakalamak i\u00e7in geni\u015f \u00e7apl\u0131 arama \u00e7al\u0131\u015fmas\u0131 ba\u015flatt\u0131. \u015e\u00fcpheli \u015fah\u0131s, Antalya\u2019da Jandarma Su\u00e7 Ara\u015ft\u0131rma Timi (JASAT) ekipleri taraf\u0131ndan yakalanarak g\u00f6zalt\u0131na al\u0131nd\u0131. B.E.B., i\u015flemlerinin ard\u0131ndan Fethiye\u2019ye getirilirken, olayla ilgili soru\u015fturma s\u00fcr\u00fcyor.<br \/><\/p>\n","protected":false},"excerpt":{"rendered":"<p>Fethiye\u2019de 23 ya\u015f\u0131ndaki \u00d6mer Bayram Fidan, arkada\u015f\u0131 B.E.B.\u2019nin evinde b\u0131\u00e7aklanm\u0131\u015f halde \u00f6l\u00fc bulundu. Cinayet \u015f\u00fcphesiyle ba\u015flat\u0131lan soru\u015fturma kapsam\u0131nda kay\u0131plara kar\u0131\u015fan B.E.B., Antalya\u2019da Jandarma Su\u00e7 Ara\u015ft\u0131rma Timi (JASAT) taraf\u0131ndan yakaland\u0131. Fethiye\u2019nin G\u00f6cek Mahallesi\u2019nde ya\u015fanan olayda, 23 ya\u015f\u0131ndaki \u00d6mer Bayram Fidan, arkada\u015f\u0131 oldu\u011fu \u00f6\u011frenilen B.E.B.\u2019nin evinde b\u0131\u00e7aklanm\u0131\u015f halde \u00f6l\u00fc bulundu. Edinilen bilgilere g\u00f6re, ihbar \u00fczerine olay yerine&#8230;<\/p>\n","protected":false},"author":1,"featured_media":36630,"comment_status":"open","ping_status":"open","sticky":false,"template":"","format":"standard","meta":{"_crdt_document":"","footnotes":""},"categories":[5],"tags":[],"class_list":["post-36629","post","type-post","status-publish","format-standard","has-post-thumbnail","hentry","category-asayis"],"_links":{"self":[{"href":"https:\/\/www.egemtv.com\/index.php?rest_route=\/wp\/v2\/posts\/36629","targetHints":{"allow":["GET"]}}],"collection":[{"href":"https:\/\/www.egemtv.com\/index.php?rest_route=\/wp\/v2\/posts"}],"about":[{"href":"https:\/\/www.egemtv.com\/index.php?rest_route=\/wp\/v2\/types\/post"}],"author":[{"embeddable":true,"href":"https:\/\/www.egemtv.com\/index.php?rest_route=\/wp\/v2\/users\/1"}],"replies":[{"embeddable":true,"href":"https:\/\/www.egemtv.com\/index.php?rest_route=%2Fwp%2Fv2%2Fcomments&post=36629"}],"version-history":[{"count":1,"href":"https:\/\/www.egemtv.com\/index.php?rest_route=\/wp\/v2\/posts\/36629\/revisions"}],"predecessor-version":[{"id":36631,"href":"https:\/\/www.egemtv.com\/index.php?rest_route=\/wp\/v2\/posts\/36629\/revisions\/36631"}],"wp:featuredmedia":[{"embeddable":true,"href":"https:\/\/www.egemtv.com\/index.php?rest_route=\/wp\/v2\/media\/36630"}],"wp:attachment":[{"href":"https:\/\/www.egemtv.com\/index.php?rest_route=%2Fwp%2Fv2%2Fmedia&parent=36629"}],"wp:term":[{"taxonomy":"category","embeddable":true,"href":"https:\/\/www.egemtv.com\/index.php?rest_route=%2Fwp%2Fv2%2Fcategories&post=36629"},{"taxonomy":"post_tag","embeddable":true,"href":"https:\/\/www.egemtv.com\/index.php?rest_route=%2Fwp%2Fv2%2Ftags&post=36629"}],"curies":[{"name":"wp","href":"https:\/\/api.w.org\/{rel}","templated":true}]}}