{"id":36626,"date":"2025-06-20T18:36:09","date_gmt":"2025-06-20T15:36:09","guid":{"rendered":"https:\/\/www.egemtv.com\/?p=36626"},"modified":"2025-06-20T18:36:13","modified_gmt":"2025-06-20T15:36:13","slug":"aydinda-zirai-alanda-yangin-cikti","status":"publish","type":"post","link":"https:\/\/www.egemtv.com\/?p=36626","title":{"rendered":"Ayd\u0131n\u2019da zirai alanda yang\u0131n \u00e7\u0131kt\u0131"},"content":{"rendered":"<p>Ayd\u0131n\u2019\u0131n Efeler il\u00e7esine ba\u011fl\u0131 Da\u011feymiri Mahallesinde zirai alanda yang\u0131n \u00e7\u0131kt\u0131. Yang\u0131na karadan ve havadan m\u00fcdahale ediliyor.<\/p>\n<p>Da\u011feymiri Mahallesinde zirai alanda hen\u00fcz bilinmeyen bir nedenle yang\u0131n \u00e7\u0131kt\u0131. \u0130hbar \u00fczerine b\u00f6lgeye Ayd\u0131n Orman \u0130\u015fletme M\u00fcd\u00fcrl\u00fc\u011f\u00fc ve itfaiye ekipleri sevk edildi. Yang\u0131na karadan ekipler araz\u00f6zler ile m\u00fcdahale etti. Havadan ise helikopter ile s\u00f6nd\u00fcrme \u00e7al\u0131\u015fmalar\u0131na destek verildi. Zeytinlik alan\u0131ndaki yang\u0131n\u0131n kontrol alt\u0131na al\u0131nmas\u0131 i\u00e7in ekiplerin \u00e7al\u0131\u015fmas\u0131 s\u00fcr\u00fcyor.<br \/><\/p>\n","protected":false},"excerpt":{"rendered":"<p>Ayd\u0131n\u2019\u0131n Efeler il\u00e7esine ba\u011fl\u0131 Da\u011feymiri Mahallesinde zirai alanda yang\u0131n \u00e7\u0131kt\u0131. Yang\u0131na karadan ve havadan m\u00fcdahale ediliyor. Da\u011feymiri Mahallesinde zirai alanda hen\u00fcz bilinmeyen bir nedenle yang\u0131n \u00e7\u0131kt\u0131. \u0130hbar \u00fczerine b\u00f6lgeye Ayd\u0131n Orman \u0130\u015fletme M\u00fcd\u00fcrl\u00fc\u011f\u00fc ve itfaiye ekipleri sevk edildi. Yang\u0131na karadan ekipler araz\u00f6zler ile m\u00fcdahale etti. Havadan ise helikopter ile s\u00f6nd\u00fcrme \u00e7al\u0131\u015fmalar\u0131na destek verildi. Zeytinlik alan\u0131ndaki&#8230;<\/p>\n","protected":false},"author":1,"featured_media":36627,"comment_status":"open","ping_status":"open","sticky":false,"template":"","format":"standard","meta":{"_crdt_document":"","footnotes":""},"categories":[5],"tags":[],"class_list":["post-36626","post","type-post","status-publish","format-standard","has-post-thumbnail","hentry","category-asayis"],"_links":{"self":[{"href":"https:\/\/www.egemtv.com\/index.php?rest_route=\/wp\/v2\/posts\/36626","targetHints":{"allow":["GET"]}}],"collection":[{"href":"https:\/\/www.egemtv.com\/index.php?rest_route=\/wp\/v2\/posts"}],"about":[{"href":"https:\/\/www.egemtv.com\/index.php?rest_route=\/wp\/v2\/types\/post"}],"author":[{"embeddable":true,"href":"https:\/\/www.egemtv.com\/index.php?rest_route=\/wp\/v2\/users\/1"}],"replies":[{"embeddable":true,"href":"https:\/\/www.egemtv.com\/index.php?rest_route=%2Fwp%2Fv2%2Fcomments&post=36626"}],"version-history":[{"count":1,"href":"https:\/\/www.egemtv.com\/index.php?rest_route=\/wp\/v2\/posts\/36626\/revisions"}],"predecessor-version":[{"id":36628,"href":"https:\/\/www.egemtv.com\/index.php?rest_route=\/wp\/v2\/posts\/36626\/revisions\/36628"}],"wp:featuredmedia":[{"embeddable":true,"href":"https:\/\/www.egemtv.com\/index.php?rest_route=\/wp\/v2\/media\/36627"}],"wp:attachment":[{"href":"https:\/\/www.egemtv.com\/index.php?rest_route=%2Fwp%2Fv2%2Fmedia&parent=36626"}],"wp:term":[{"taxonomy":"category","embeddable":true,"href":"https:\/\/www.egemtv.com\/index.php?rest_route=%2Fwp%2Fv2%2Fcategories&post=36626"},{"taxonomy":"post_tag","embeddable":true,"href":"https:\/\/www.egemtv.com\/index.php?rest_route=%2Fwp%2Fv2%2Ftags&post=36626"}],"curies":[{"name":"wp","href":"https:\/\/api.w.org\/{rel}","templated":true}]}}