{"id":36623,"date":"2025-06-20T18:15:29","date_gmt":"2025-06-20T15:15:29","guid":{"rendered":"https:\/\/www.egemtv.com\/?p=36623"},"modified":"2025-06-20T18:15:38","modified_gmt":"2025-06-20T15:15:38","slug":"kayip-olarak-aranan-genc-golette-olu-bulundu","status":"publish","type":"post","link":"https:\/\/www.egemtv.com\/?p=36623","title":{"rendered":"Kay\u0131p olarak aranan gen\u00e7, g\u00f6lette \u00f6l\u00fc bulundu"},"content":{"rendered":"<p>Burdur\u2019da babas\u0131 taraf\u0131ndan kay\u0131p ihbar\u0131 yap\u0131lan 29 ya\u015f\u0131ndaki gen\u00e7, Isparta\u2019da g\u00f6lette \u00f6l\u00fc bulundu.<br \/>\n<br \/>Burdur Jandarma Komutanl\u0131\u011f\u0131\u2019na m\u00fcracaat eden C.D., o\u011flu Veli Demir\u2019e (29) ula\u015famad\u0131klar\u0131n\u0131 en son kendine ait ara\u00e7 ile evden \u00e7\u0131kt\u0131\u011f\u0131n\u0131 ve kay\u0131p oldu\u011funu bildirdi. Yap\u0131lan ara\u015ft\u0131rma neticesinde Veli Demir\u2019in 15 NP 415 plakal\u0131 arac\u0131n\u0131n G\u00f6nen-Atabey istikametinde bulunan PTS\u2019den ge\u00e7ti\u011fi tespit edildi. Baba C.D. ile birlikte jandarma taraf\u0131ndan Atabey G\u00f6leti ve \u00e7evresinde yap\u0131lan incelemeler neticesinde 15 NP 415 plakal\u0131 ara\u00e7 g\u00f6let kenar\u0131nda park edilmi\u015f halde bulundu. G\u00f6let i\u00e7erisinde yap\u0131lan incelemede ise Veli Demir\u2019in cans\u0131z bedenine ula\u015f\u0131ld\u0131. Demir\u2019in cenazesi, Jandarma Arama Kurtarma (JAK) dalg\u0131\u00e7 ekiplerki taraf\u0131ndan bulundu\u011fu yerden \u00e7\u0131kart\u0131larak kesin \u00f6l\u00fcm sebebinin tespiti i\u00e7in Isparta \u015eehir Hastanesi morguna kald\u0131r\u0131ld\u0131. Olayla ilgili soru\u015fturma ba\u015flat\u0131ld\u0131.<br \/><\/p>\n","protected":false},"excerpt":{"rendered":"<p>Burdur\u2019da babas\u0131 taraf\u0131ndan kay\u0131p ihbar\u0131 yap\u0131lan 29 ya\u015f\u0131ndaki gen\u00e7, Isparta\u2019da g\u00f6lette \u00f6l\u00fc bulundu. Burdur Jandarma Komutanl\u0131\u011f\u0131\u2019na m\u00fcracaat eden C.D., o\u011flu Veli Demir\u2019e (29) ula\u015famad\u0131klar\u0131n\u0131 en son kendine ait ara\u00e7 ile evden \u00e7\u0131kt\u0131\u011f\u0131n\u0131 ve kay\u0131p oldu\u011funu bildirdi. Yap\u0131lan ara\u015ft\u0131rma neticesinde Veli Demir\u2019in 15 NP 415 plakal\u0131 arac\u0131n\u0131n G\u00f6nen-Atabey istikametinde bulunan PTS\u2019den ge\u00e7ti\u011fi tespit edildi. Baba C.D&#8230;.<\/p>\n","protected":false},"author":1,"featured_media":36624,"comment_status":"open","ping_status":"open","sticky":false,"template":"","format":"standard","meta":{"_crdt_document":"","footnotes":""},"categories":[5],"tags":[],"class_list":["post-36623","post","type-post","status-publish","format-standard","has-post-thumbnail","hentry","category-asayis"],"_links":{"self":[{"href":"https:\/\/www.egemtv.com\/index.php?rest_route=\/wp\/v2\/posts\/36623","targetHints":{"allow":["GET"]}}],"collection":[{"href":"https:\/\/www.egemtv.com\/index.php?rest_route=\/wp\/v2\/posts"}],"about":[{"href":"https:\/\/www.egemtv.com\/index.php?rest_route=\/wp\/v2\/types\/post"}],"author":[{"embeddable":true,"href":"https:\/\/www.egemtv.com\/index.php?rest_route=\/wp\/v2\/users\/1"}],"replies":[{"embeddable":true,"href":"https:\/\/www.egemtv.com\/index.php?rest_route=%2Fwp%2Fv2%2Fcomments&post=36623"}],"version-history":[{"count":1,"href":"https:\/\/www.egemtv.com\/index.php?rest_route=\/wp\/v2\/posts\/36623\/revisions"}],"predecessor-version":[{"id":36625,"href":"https:\/\/www.egemtv.com\/index.php?rest_route=\/wp\/v2\/posts\/36623\/revisions\/36625"}],"wp:featuredmedia":[{"embeddable":true,"href":"https:\/\/www.egemtv.com\/index.php?rest_route=\/wp\/v2\/media\/36624"}],"wp:attachment":[{"href":"https:\/\/www.egemtv.com\/index.php?rest_route=%2Fwp%2Fv2%2Fmedia&parent=36623"}],"wp:term":[{"taxonomy":"category","embeddable":true,"href":"https:\/\/www.egemtv.com\/index.php?rest_route=%2Fwp%2Fv2%2Fcategories&post=36623"},{"taxonomy":"post_tag","embeddable":true,"href":"https:\/\/www.egemtv.com\/index.php?rest_route=%2Fwp%2Fv2%2Ftags&post=36623"}],"curies":[{"name":"wp","href":"https:\/\/api.w.org\/{rel}","templated":true}]}}