{"id":36620,"date":"2025-06-20T17:55:51","date_gmt":"2025-06-20T14:55:51","guid":{"rendered":"https:\/\/www.egemtv.com\/?p=36620"},"modified":"2025-06-20T17:55:57","modified_gmt":"2025-06-20T14:55:57","slug":"arkadasinin-evinde-bicaklanmis-halde-olu-bulundu","status":"publish","type":"post","link":"https:\/\/www.egemtv.com\/?p=36620","title":{"rendered":"Arkada\u015f\u0131n\u0131n evinde b\u0131\u00e7aklanm\u0131\u015f halde \u00f6l\u00fc bulundu"},"content":{"rendered":"<p>Mu\u011fla\u2019n\u0131n Fethiye il\u00e7esinde 23 ya\u015f\u0131ndaki bir gen\u00e7, arkada\u015f\u0131n\u0131n evinde b\u0131\u00e7aklanm\u0131\u015f halde \u00f6l\u00fc olarak bulundu.<br \/>\n<br \/>Olay, Fethiye il\u00e7esi G\u00f6cek Mahallesi\u2019nde saat 11.30 s\u0131ralar\u0131nda meydana geldi. Edinilen bilgiye g\u00f6re, \u00d6mer Bayram Fidan (23), arkada\u015f\u0131 B.E.B.\u2019nin evinde \u00f6l\u00fc olarak bulundu. Fidan\u2019\u0131n b\u0131\u00e7aklanm\u0131\u015f \u015fekilde bulundu\u011fu \u00f6\u011frenilirken, olay yerine gelen sa\u011fl\u0131k ekipleri, gencin hayat\u0131n\u0131 kaybetti\u011fini tespit etti. Olay\u0131n ard\u0131ndan B.E.B. isimli \u015f\u00fcpheliye ula\u015f\u0131lamad\u0131. \u015e\u00fcpheli olarak aranan \u015fahs\u0131n yakalanmas\u0131 i\u00e7in g\u00fcvenlik g\u00fc\u00e7leri taraf\u0131ndan geni\u015f \u00e7apl\u0131 arama \u00e7al\u0131\u015fmas\u0131 ba\u015flat\u0131ld\u0131. Olayla ilgili soru\u015fturma s\u00fcr\u00fcyor.<br \/><\/p>\n","protected":false},"excerpt":{"rendered":"<p>Mu\u011fla\u2019n\u0131n Fethiye il\u00e7esinde 23 ya\u015f\u0131ndaki bir gen\u00e7, arkada\u015f\u0131n\u0131n evinde b\u0131\u00e7aklanm\u0131\u015f halde \u00f6l\u00fc olarak bulundu. Olay, Fethiye il\u00e7esi G\u00f6cek Mahallesi\u2019nde saat 11.30 s\u0131ralar\u0131nda meydana geldi. Edinilen bilgiye g\u00f6re, \u00d6mer Bayram Fidan (23), arkada\u015f\u0131 B.E.B.\u2019nin evinde \u00f6l\u00fc olarak bulundu. Fidan\u2019\u0131n b\u0131\u00e7aklanm\u0131\u015f \u015fekilde bulundu\u011fu \u00f6\u011frenilirken, olay yerine gelen sa\u011fl\u0131k ekipleri, gencin hayat\u0131n\u0131 kaybetti\u011fini tespit etti. Olay\u0131n ard\u0131ndan B.E.B&#8230;.<\/p>\n","protected":false},"author":1,"featured_media":36621,"comment_status":"open","ping_status":"open","sticky":false,"template":"","format":"standard","meta":{"_crdt_document":"","footnotes":""},"categories":[5],"tags":[],"class_list":["post-36620","post","type-post","status-publish","format-standard","has-post-thumbnail","hentry","category-asayis"],"_links":{"self":[{"href":"https:\/\/www.egemtv.com\/index.php?rest_route=\/wp\/v2\/posts\/36620","targetHints":{"allow":["GET"]}}],"collection":[{"href":"https:\/\/www.egemtv.com\/index.php?rest_route=\/wp\/v2\/posts"}],"about":[{"href":"https:\/\/www.egemtv.com\/index.php?rest_route=\/wp\/v2\/types\/post"}],"author":[{"embeddable":true,"href":"https:\/\/www.egemtv.com\/index.php?rest_route=\/wp\/v2\/users\/1"}],"replies":[{"embeddable":true,"href":"https:\/\/www.egemtv.com\/index.php?rest_route=%2Fwp%2Fv2%2Fcomments&post=36620"}],"version-history":[{"count":1,"href":"https:\/\/www.egemtv.com\/index.php?rest_route=\/wp\/v2\/posts\/36620\/revisions"}],"predecessor-version":[{"id":36622,"href":"https:\/\/www.egemtv.com\/index.php?rest_route=\/wp\/v2\/posts\/36620\/revisions\/36622"}],"wp:featuredmedia":[{"embeddable":true,"href":"https:\/\/www.egemtv.com\/index.php?rest_route=\/wp\/v2\/media\/36621"}],"wp:attachment":[{"href":"https:\/\/www.egemtv.com\/index.php?rest_route=%2Fwp%2Fv2%2Fmedia&parent=36620"}],"wp:term":[{"taxonomy":"category","embeddable":true,"href":"https:\/\/www.egemtv.com\/index.php?rest_route=%2Fwp%2Fv2%2Fcategories&post=36620"},{"taxonomy":"post_tag","embeddable":true,"href":"https:\/\/www.egemtv.com\/index.php?rest_route=%2Fwp%2Fv2%2Ftags&post=36620"}],"curies":[{"name":"wp","href":"https:\/\/api.w.org\/{rel}","templated":true}]}}