{"id":36614,"date":"2025-06-20T17:37:35","date_gmt":"2025-06-20T14:37:35","guid":{"rendered":"https:\/\/www.egemtv.com\/?p=36614"},"modified":"2025-06-20T17:37:39","modified_gmt":"2025-06-20T14:37:39","slug":"denizli-tekdenden-saglik-calisanlari-futbol-turnuvasina-farkli-baslangic","status":"publish","type":"post","link":"https:\/\/www.egemtv.com\/?p=36614","title":{"rendered":"Denizli Tekden\u2019den Sa\u011fl\u0131k \u00c7al\u0131\u015fanlar\u0131 Futbol Turnuvas\u0131na farkl\u0131 ba\u015flang\u0131\u00e7"},"content":{"rendered":"<p>Denizli\u2019de ilk kez d\u00fczenlenen Sa\u011fl\u0131k \u00c7al\u0131\u015fanlar\u0131 Futbol Turnuvas\u0131nda, 22 tak\u0131m 5 grupta m\u00fccadele ediyor. Denizli Tekden Hastanesi, oynad\u0131\u011f\u0131 ilk ma\u00e7ta \u00c7ardak Devlet Hastanesini 8-4 ma\u011flup ederek, farkl\u0131 bir ba\u015flang\u0131\u00e7 yapt\u0131.<\/p>\n<p>Denizli\u2019de ilk kez d\u00fczenlenen Sa\u011fl\u0131k \u00c7al\u0131\u015fanlar\u0131 Futbol turnuvas\u0131 yo\u011fun bir ilgi ile ba\u015flad\u0131. Turnuvada yer alan Tekden Hastanesi \u00e7al\u0131\u015fanlar\u0131 ilk ma\u00e7ta \u00c7ardak Devlet Hastanesi\u2019ni 8-4 yenerek turnuvaya farkl\u0131 bir galibiyetle ba\u015flad\u0131. Oktay Afyon\u2019un 3 gol atarak y\u0131ld\u0131zla\u015ft\u0131\u011f\u0131 ma\u00e7ta Salim \u00c7elik 2 gol, M\u00fccahit \u00dcnl\u00fc 2 ve bir golde Nebican Killeci\u2019den geldi. \u00c7ardak Devlet Hastanesi\u2019nin gollerini ise Can(3) ve Mehmet kaydetti.<\/p>\n<p>E Grubunda yer alan Tekden Hastanesi, \u00c7ardak Devlet Hastanesi, Denizli 112 ve Denizli A\u011f\u0131z ve Di\u015f Hastanesi 1 tak\u0131mlar\u0131 ile e\u015fle\u015fti. 1.hafta kar\u015f\u0131la\u015fmas\u0131nda, centilmence ge\u00e7en kar\u015f\u0131la\u015fmada 3 puan\u0131n sahibi olan Tekden Hastanesi futbol tak\u0131m\u0131, grubun 2. Ma\u00e7\u0131n\u0131 21 Haziran Cumartesi saat 19:00\u2019da Denizli 112 tak\u0131m\u0131 ile kar\u015f\u0131la\u015facak, son hafta ise Denizli A\u011f\u0131z ve Di\u015f Hastanesi 1 ile  E grubunu tamamlayacak.<\/p>\n<p>Turnuvada ba\u015far\u0131l\u0131 bir sonu\u00e7 elde etmek isteyen Denizli Tekden Hastanesi, Sabri \u00c7a\u011flar, Oktay Afyon, Nebican Killeci, Ahmet Deniz, Recep I\u015f\u0131k, Salim \u00c7elik, G\u00f6rkem Ertok, Mehmet Tun\u00e7k\u0131n,  M\u00fccahit \u00dcnl\u00fc, Mehmet Karaman, \u0130rfan Ak\u015fit ve \u00dcmit Y\u0131ld\u0131r\u0131mlar\u2019dan olu\u015fan kadrosuyla dikkat \u00e7ekiyor.<br \/><\/p>\n","protected":false},"excerpt":{"rendered":"<p>Denizli\u2019de ilk kez d\u00fczenlenen Sa\u011fl\u0131k \u00c7al\u0131\u015fanlar\u0131 Futbol Turnuvas\u0131nda, 22 tak\u0131m 5 grupta m\u00fccadele ediyor. Denizli Tekden Hastanesi, oynad\u0131\u011f\u0131 ilk ma\u00e7ta \u00c7ardak Devlet Hastanesini 8-4 ma\u011flup ederek, farkl\u0131 bir ba\u015flang\u0131\u00e7 yapt\u0131. Denizli\u2019de ilk kez d\u00fczenlenen Sa\u011fl\u0131k \u00c7al\u0131\u015fanlar\u0131 Futbol turnuvas\u0131 yo\u011fun bir ilgi ile ba\u015flad\u0131. Turnuvada yer alan Tekden Hastanesi \u00e7al\u0131\u015fanlar\u0131 ilk ma\u00e7ta \u00c7ardak Devlet Hastanesi\u2019ni 8-4&#8230;<\/p>\n","protected":false},"author":1,"featured_media":36615,"comment_status":"open","ping_status":"open","sticky":false,"template":"","format":"standard","meta":{"_crdt_document":"","footnotes":""},"categories":[4],"tags":[],"class_list":["post-36614","post","type-post","status-publish","format-standard","has-post-thumbnail","hentry","category-spor"],"_links":{"self":[{"href":"https:\/\/www.egemtv.com\/index.php?rest_route=\/wp\/v2\/posts\/36614","targetHints":{"allow":["GET"]}}],"collection":[{"href":"https:\/\/www.egemtv.com\/index.php?rest_route=\/wp\/v2\/posts"}],"about":[{"href":"https:\/\/www.egemtv.com\/index.php?rest_route=\/wp\/v2\/types\/post"}],"author":[{"embeddable":true,"href":"https:\/\/www.egemtv.com\/index.php?rest_route=\/wp\/v2\/users\/1"}],"replies":[{"embeddable":true,"href":"https:\/\/www.egemtv.com\/index.php?rest_route=%2Fwp%2Fv2%2Fcomments&post=36614"}],"version-history":[{"count":1,"href":"https:\/\/www.egemtv.com\/index.php?rest_route=\/wp\/v2\/posts\/36614\/revisions"}],"predecessor-version":[{"id":36616,"href":"https:\/\/www.egemtv.com\/index.php?rest_route=\/wp\/v2\/posts\/36614\/revisions\/36616"}],"wp:featuredmedia":[{"embeddable":true,"href":"https:\/\/www.egemtv.com\/index.php?rest_route=\/wp\/v2\/media\/36615"}],"wp:attachment":[{"href":"https:\/\/www.egemtv.com\/index.php?rest_route=%2Fwp%2Fv2%2Fmedia&parent=36614"}],"wp:term":[{"taxonomy":"category","embeddable":true,"href":"https:\/\/www.egemtv.com\/index.php?rest_route=%2Fwp%2Fv2%2Fcategories&post=36614"},{"taxonomy":"post_tag","embeddable":true,"href":"https:\/\/www.egemtv.com\/index.php?rest_route=%2Fwp%2Fv2%2Ftags&post=36614"}],"curies":[{"name":"wp","href":"https:\/\/api.w.org\/{rel}","templated":true}]}}