{"id":36611,"date":"2025-06-20T17:37:31","date_gmt":"2025-06-20T14:37:31","guid":{"rendered":"https:\/\/www.egemtv.com\/?p=36611"},"modified":"2025-06-20T17:37:35","modified_gmt":"2025-06-20T14:37:35","slug":"genc-sporcular-aydini-basariyla-temsil-etti","status":"publish","type":"post","link":"https:\/\/www.egemtv.com\/?p=36611","title":{"rendered":"Gen\u00e7 sporcular Ayd\u0131n\u2019\u0131 ba\u015far\u0131yla temsil etti"},"content":{"rendered":"<p>Sivas\u2019ta d\u00fczenlenen T\u00fcrkiye \u015eampiyonas\u0131\u2019nda ba\u015far\u0131l\u0131 bir \u015fekilde m\u00fccadele eden gen\u00e7 sporcular, Ayd\u0131n\u2019\u0131 ba\u015far\u0131l\u0131 bir \u015fekilde temsil etti.<\/p>\n<p>T\u00fcrkiye G\u00fcre\u015f Federasyonu taraf\u0131ndan Sivas\u2019ta d\u00fczenlenen 11-12-13-14 Ya\u015f Grekoromen G\u00fcre\u015f T\u00fcrkiye \u015eampiyonas\u0131\u2019nda Ayd\u0131n\u2019\u0131 temsil eden sporcular \u00f6nemli dereceler elde etti. \u015eampiyonada, U10 52 kilo kategorisinde Ege \u00d6zdikici, U11 41 kilo kategorisinde Ali \u00c7akma\u00e7, U14 68 kilo kategorisinde Muhammed Bilal Ayabey T\u00fcrkiye \u00fc\u00e7\u00fcnc\u00fcs\u00fc olarak bronz madalya kazand\u0131. Ayr\u0131ca U12 62 kiloda Muhammed Emin \u00d6zkay, U10 27 kiloda Furkan Tun\u00e7, U11 44 kilo U\u011fur Tun\u00e7, U11 30 kiloda Muhammet G\u00fcm\u00fc\u015f T\u00fcrkiye be\u015fincili\u011fi elde etti.<\/p>\n<p>Konu ile ilgili Ayd\u0131n Gen\u00e7lik ve Spor \u0130l M\u00fcd\u00fcrl\u00fc\u011f\u00fc\u2019nden yap\u0131lan a\u00e7\u0131klamada &#8220;\u0130limizi gururla temsil eden t\u00fcm sporcular\u0131m\u0131z\u0131 ve onlar\u0131 yeti\u015ftiren antren\u00f6rlerimizi tebrik ediyor, ba\u015far\u0131lar\u0131n\u0131n devam\u0131n\u0131 diliyoruz&#8221; ifadeleri yer ald\u0131.<br \/><\/p>\n","protected":false},"excerpt":{"rendered":"<p>Sivas\u2019ta d\u00fczenlenen T\u00fcrkiye \u015eampiyonas\u0131\u2019nda ba\u015far\u0131l\u0131 bir \u015fekilde m\u00fccadele eden gen\u00e7 sporcular, Ayd\u0131n\u2019\u0131 ba\u015far\u0131l\u0131 bir \u015fekilde temsil etti. T\u00fcrkiye G\u00fcre\u015f Federasyonu taraf\u0131ndan Sivas\u2019ta d\u00fczenlenen 11-12-13-14 Ya\u015f Grekoromen G\u00fcre\u015f T\u00fcrkiye \u015eampiyonas\u0131\u2019nda Ayd\u0131n\u2019\u0131 temsil eden sporcular \u00f6nemli dereceler elde etti. \u015eampiyonada, U10 52 kilo kategorisinde Ege \u00d6zdikici, U11 41 kilo kategorisinde Ali \u00c7akma\u00e7, U14 68 kilo kategorisinde Muhammed&#8230;<\/p>\n","protected":false},"author":1,"featured_media":36612,"comment_status":"open","ping_status":"open","sticky":false,"template":"","format":"standard","meta":{"_crdt_document":"","footnotes":""},"categories":[4],"tags":[],"class_list":["post-36611","post","type-post","status-publish","format-standard","has-post-thumbnail","hentry","category-spor"],"_links":{"self":[{"href":"https:\/\/www.egemtv.com\/index.php?rest_route=\/wp\/v2\/posts\/36611","targetHints":{"allow":["GET"]}}],"collection":[{"href":"https:\/\/www.egemtv.com\/index.php?rest_route=\/wp\/v2\/posts"}],"about":[{"href":"https:\/\/www.egemtv.com\/index.php?rest_route=\/wp\/v2\/types\/post"}],"author":[{"embeddable":true,"href":"https:\/\/www.egemtv.com\/index.php?rest_route=\/wp\/v2\/users\/1"}],"replies":[{"embeddable":true,"href":"https:\/\/www.egemtv.com\/index.php?rest_route=%2Fwp%2Fv2%2Fcomments&post=36611"}],"version-history":[{"count":1,"href":"https:\/\/www.egemtv.com\/index.php?rest_route=\/wp\/v2\/posts\/36611\/revisions"}],"predecessor-version":[{"id":36613,"href":"https:\/\/www.egemtv.com\/index.php?rest_route=\/wp\/v2\/posts\/36611\/revisions\/36613"}],"wp:featuredmedia":[{"embeddable":true,"href":"https:\/\/www.egemtv.com\/index.php?rest_route=\/wp\/v2\/media\/36612"}],"wp:attachment":[{"href":"https:\/\/www.egemtv.com\/index.php?rest_route=%2Fwp%2Fv2%2Fmedia&parent=36611"}],"wp:term":[{"taxonomy":"category","embeddable":true,"href":"https:\/\/www.egemtv.com\/index.php?rest_route=%2Fwp%2Fv2%2Fcategories&post=36611"},{"taxonomy":"post_tag","embeddable":true,"href":"https:\/\/www.egemtv.com\/index.php?rest_route=%2Fwp%2Fv2%2Ftags&post=36611"}],"curies":[{"name":"wp","href":"https:\/\/api.w.org\/{rel}","templated":true}]}}