{"id":36608,"date":"2025-06-20T17:37:27","date_gmt":"2025-06-20T14:37:27","guid":{"rendered":"https:\/\/www.egemtv.com\/?p=36608"},"modified":"2025-06-20T17:37:31","modified_gmt":"2025-06-20T14:37:31","slug":"kaymakam-keklik-ogrencilerin-karne-sevincine-ortak-oldu","status":"publish","type":"post","link":"https:\/\/www.egemtv.com\/?p=36608","title":{"rendered":"Kaymakam Keklik \u00f6\u011frencilerin karne sevincine ortak oldu"},"content":{"rendered":"<p>Ku\u015fadas\u0131 Kaymakam\u0131 \u0130brahim Keklik, \u0130l\u00e7e Milli E\u011fitim M\u00fcd\u00fcrl\u00fc\u011f\u00fc taraf\u0131ndan \u0130ki\u00e7e\u015fmelik \u0130lkokulu\u2019nda d\u00fczenlenen 2024-2025 e\u011fitim \u00f6\u011fretim y\u0131l\u0131 2. d\u00f6nem karne da\u011f\u0131t\u0131m t\u00f6renine kat\u0131ld\u0131.<\/p>\n<p>Karne heyecan\u0131 ya\u015fayan \u00f6\u011frencilerle yak\u0131ndan ilgilenen Kaymakam Keklik, ba\u015far\u0131 g\u00f6steren \u00f6\u011frencileri tebrik ederek iyi tatiller diledi. S\u0131n\u0131flar\u0131 gezerek \u00f6\u011frencilerle sohbet eden Keklik, karnelerini takdim etti\u011fi \u00e7ocuklara yaz tatilini verimli ge\u00e7irmeleri konusunda tavsiyelerde bulundu. \u00d6\u011fretmenlerle de bir araya gelen Kaymakam Keklik, e\u011fitim s\u00fcrecine katk\u0131 sa\u011flayan t\u00fcm e\u011fitimcilere te\u015fekk\u00fcr ederek \u00e7al\u0131\u015fmalar\u0131nda ba\u015far\u0131lar diledi.<\/p>\n<p>T\u00f6ren, \u00f6\u011frenciler ve protokol \u00fcyeleriyle birlikte \u00e7ekilen hat\u0131ra foto\u011fraflar\u0131yla sona erdi.<br \/><\/p>\n","protected":false},"excerpt":{"rendered":"<p>Ku\u015fadas\u0131 Kaymakam\u0131 \u0130brahim Keklik, \u0130l\u00e7e Milli E\u011fitim M\u00fcd\u00fcrl\u00fc\u011f\u00fc taraf\u0131ndan \u0130ki\u00e7e\u015fmelik \u0130lkokulu\u2019nda d\u00fczenlenen 2024-2025 e\u011fitim \u00f6\u011fretim y\u0131l\u0131 2. d\u00f6nem karne da\u011f\u0131t\u0131m t\u00f6renine kat\u0131ld\u0131. Karne heyecan\u0131 ya\u015fayan \u00f6\u011frencilerle yak\u0131ndan ilgilenen Kaymakam Keklik, ba\u015far\u0131 g\u00f6steren \u00f6\u011frencileri tebrik ederek iyi tatiller diledi. S\u0131n\u0131flar\u0131 gezerek \u00f6\u011frencilerle sohbet eden Keklik, karnelerini takdim etti\u011fi \u00e7ocuklara yaz tatilini verimli ge\u00e7irmeleri konusunda tavsiyelerde bulundu&#8230;.<\/p>\n","protected":false},"author":1,"featured_media":36609,"comment_status":"open","ping_status":"open","sticky":false,"template":"","format":"standard","meta":{"_crdt_document":"","footnotes":""},"categories":[1],"tags":[],"class_list":["post-36608","post","type-post","status-publish","format-standard","has-post-thumbnail","hentry","category-guncel"],"_links":{"self":[{"href":"https:\/\/www.egemtv.com\/index.php?rest_route=\/wp\/v2\/posts\/36608","targetHints":{"allow":["GET"]}}],"collection":[{"href":"https:\/\/www.egemtv.com\/index.php?rest_route=\/wp\/v2\/posts"}],"about":[{"href":"https:\/\/www.egemtv.com\/index.php?rest_route=\/wp\/v2\/types\/post"}],"author":[{"embeddable":true,"href":"https:\/\/www.egemtv.com\/index.php?rest_route=\/wp\/v2\/users\/1"}],"replies":[{"embeddable":true,"href":"https:\/\/www.egemtv.com\/index.php?rest_route=%2Fwp%2Fv2%2Fcomments&post=36608"}],"version-history":[{"count":1,"href":"https:\/\/www.egemtv.com\/index.php?rest_route=\/wp\/v2\/posts\/36608\/revisions"}],"predecessor-version":[{"id":36610,"href":"https:\/\/www.egemtv.com\/index.php?rest_route=\/wp\/v2\/posts\/36608\/revisions\/36610"}],"wp:featuredmedia":[{"embeddable":true,"href":"https:\/\/www.egemtv.com\/index.php?rest_route=\/wp\/v2\/media\/36609"}],"wp:attachment":[{"href":"https:\/\/www.egemtv.com\/index.php?rest_route=%2Fwp%2Fv2%2Fmedia&parent=36608"}],"wp:term":[{"taxonomy":"category","embeddable":true,"href":"https:\/\/www.egemtv.com\/index.php?rest_route=%2Fwp%2Fv2%2Fcategories&post=36608"},{"taxonomy":"post_tag","embeddable":true,"href":"https:\/\/www.egemtv.com\/index.php?rest_route=%2Fwp%2Fv2%2Ftags&post=36608"}],"curies":[{"name":"wp","href":"https:\/\/api.w.org\/{rel}","templated":true}]}}