{"id":36605,"date":"2025-06-20T17:37:22","date_gmt":"2025-06-20T14:37:22","guid":{"rendered":"https:\/\/www.egemtv.com\/?p=36605"},"modified":"2025-06-20T17:37:27","modified_gmt":"2025-06-20T14:37:27","slug":"tirazlar-mahallesi-halki-ferdi-zeyrek-icin-mevlit-yemegi-verdi","status":"publish","type":"post","link":"https:\/\/www.egemtv.com\/?p=36605","title":{"rendered":"T\u0131razlar Mahallesi halk\u0131 Ferdi Zeyrek i\u00e7in mevlit yeme\u011fi verdi"},"content":{"rendered":"<p>Sar\u0131g\u00f6l il\u00e7esinin T\u0131razlar Mahallesi gen\u00e7leri ve halk\u0131 ge\u00e7ti\u011fimiz g\u00fcnlerde vefat eden Manisa B\u00fcy\u00fck\u015fehir Belediye Ba\u015fkan\u0131 Ferdi Zeyrek i\u00e7in mahalle gen\u00e7leri kendi aralar\u0131nda toplad\u0131klar\u0131 para ile mahalle d\u00fc\u011f\u00fcn salonu bah\u00e7esinde bin ki\u015filik mevlit yeme\u011fi vererek, Kur\u2019an okuttu.<br \/>\n<br \/>Manisa\u2019n\u0131n Sar\u0131g\u00f6l il\u00e7esine ba\u011fl\u0131 T\u0131razlar Mahallesi sakinleri elektrik ak\u0131m\u0131na kap\u0131larak hayat\u0131n\u0131 kaybeden merhum Manisa B\u00fcy\u00fck\u015fehir Ba\u015fkan\u0131 Ferdi Zeyrek ad\u0131na kendi aralar\u0131nda para toplayarak, k\u00f6y meydan\u0131nda bin ki\u015filik yemek verip hayr\u0131na Kur\u2019an-\u0131 Kerim okutuldu.<br \/><\/p>\n","protected":false},"excerpt":{"rendered":"<p>Sar\u0131g\u00f6l il\u00e7esinin T\u0131razlar Mahallesi gen\u00e7leri ve halk\u0131 ge\u00e7ti\u011fimiz g\u00fcnlerde vefat eden Manisa B\u00fcy\u00fck\u015fehir Belediye Ba\u015fkan\u0131 Ferdi Zeyrek i\u00e7in mahalle gen\u00e7leri kendi aralar\u0131nda toplad\u0131klar\u0131 para ile mahalle d\u00fc\u011f\u00fcn salonu bah\u00e7esinde bin ki\u015filik mevlit yeme\u011fi vererek, Kur\u2019an okuttu. Manisa\u2019n\u0131n Sar\u0131g\u00f6l il\u00e7esine ba\u011fl\u0131 T\u0131razlar Mahallesi sakinleri elektrik ak\u0131m\u0131na kap\u0131larak hayat\u0131n\u0131 kaybeden merhum Manisa B\u00fcy\u00fck\u015fehir Ba\u015fkan\u0131 Ferdi Zeyrek ad\u0131na&#8230;<\/p>\n","protected":false},"author":1,"featured_media":36606,"comment_status":"open","ping_status":"open","sticky":false,"template":"","format":"standard","meta":{"_crdt_document":"","footnotes":""},"categories":[123],"tags":[],"class_list":["post-36605","post","type-post","status-publish","format-standard","has-post-thumbnail","hentry","category-gundem"],"_links":{"self":[{"href":"https:\/\/www.egemtv.com\/index.php?rest_route=\/wp\/v2\/posts\/36605","targetHints":{"allow":["GET"]}}],"collection":[{"href":"https:\/\/www.egemtv.com\/index.php?rest_route=\/wp\/v2\/posts"}],"about":[{"href":"https:\/\/www.egemtv.com\/index.php?rest_route=\/wp\/v2\/types\/post"}],"author":[{"embeddable":true,"href":"https:\/\/www.egemtv.com\/index.php?rest_route=\/wp\/v2\/users\/1"}],"replies":[{"embeddable":true,"href":"https:\/\/www.egemtv.com\/index.php?rest_route=%2Fwp%2Fv2%2Fcomments&post=36605"}],"version-history":[{"count":1,"href":"https:\/\/www.egemtv.com\/index.php?rest_route=\/wp\/v2\/posts\/36605\/revisions"}],"predecessor-version":[{"id":36607,"href":"https:\/\/www.egemtv.com\/index.php?rest_route=\/wp\/v2\/posts\/36605\/revisions\/36607"}],"wp:featuredmedia":[{"embeddable":true,"href":"https:\/\/www.egemtv.com\/index.php?rest_route=\/wp\/v2\/media\/36606"}],"wp:attachment":[{"href":"https:\/\/www.egemtv.com\/index.php?rest_route=%2Fwp%2Fv2%2Fmedia&parent=36605"}],"wp:term":[{"taxonomy":"category","embeddable":true,"href":"https:\/\/www.egemtv.com\/index.php?rest_route=%2Fwp%2Fv2%2Fcategories&post=36605"},{"taxonomy":"post_tag","embeddable":true,"href":"https:\/\/www.egemtv.com\/index.php?rest_route=%2Fwp%2Fv2%2Ftags&post=36605"}],"curies":[{"name":"wp","href":"https:\/\/api.w.org\/{rel}","templated":true}]}}