{"id":36602,"date":"2025-06-20T17:37:17","date_gmt":"2025-06-20T14:37:17","guid":{"rendered":"https:\/\/www.egemtv.com\/?p=36602"},"modified":"2025-06-20T17:37:22","modified_gmt":"2025-06-20T14:37:22","slug":"okul-mudurleri-donem-sonunu-degerlendirdi","status":"publish","type":"post","link":"https:\/\/www.egemtv.com\/?p=36602","title":{"rendered":"Okul m\u00fcd\u00fcrleri d\u00f6nem sonunu de\u011ferlendirdi"},"content":{"rendered":"<p>2024-2025 e\u011fitim \u00f6\u011fretim y\u0131l\u0131 ikinci d\u00f6neminin sona ermesiyle birlikte, Sar\u0131g\u00f6l \u0130l\u00e7e Milli E\u011fitim M\u00fcd\u00fcr\u00fc Cezmi Y\u0131ld\u0131rak ba\u015fkanl\u0131\u011f\u0131nda okul m\u00fcd\u00fcrleri kurul toplant\u0131s\u0131 ger\u00e7ekle\u015ftirildi.<br \/>\n<br \/>Toplant\u0131da, geride b\u0131rak\u0131lan d\u00f6nemin genel de\u011ferlendirmesi yap\u0131l\u0131rken, e\u011fitim \u00f6\u011fretim s\u00fcre\u00e7lerinde kar\u015f\u0131la\u015f\u0131lan sorunlar ve \u00e7\u00f6z\u00fcm \u00f6nerileri ele al\u0131nd\u0131. Ayr\u0131ca yeni e\u011fitim \u00f6\u011fretim y\u0131l\u0131na y\u00f6nelik planlamalar, akademik ba\u015far\u0131y\u0131 art\u0131rmaya y\u00f6nelik stratejiler ve kurumsal geli\u015fim \u00e7al\u0131\u015fmalar\u0131 da g\u00fcndeme al\u0131nd\u0131.<br \/>\n<br \/>Sar\u0131g\u00f6l \u0130l\u00e7e Milli E\u011fitim M\u00fcd\u00fcr\u00fc Cezmi Y\u0131ld\u0131rak yapt\u0131\u011f\u0131 konu\u015fmada, t\u00fcm okul y\u00f6neticilerine d\u00f6nem boyunca g\u00f6sterdikleri \u00f6zverili \u00e7al\u0131\u015fmalar i\u00e7in te\u015fekk\u00fcr ederek, &#8220;E\u011fitimde ba\u015far\u0131, ancak birlikte hareket ederek sa\u011flanabilir. \u00d6\u011frencilerimizin daha donan\u0131ml\u0131 bireyler olarak yeti\u015fmesi i\u00e7in hep birlikte \u00e7al\u0131\u015fmaya devam edece\u011fiz.&#8221; ifadelerini kulland\u0131.<br \/>\n<br \/>Toplant\u0131, iyi dilek temennileri ve yeni d\u00f6neme dair yap\u0131lacak \u00e7al\u0131\u015fmalar\u0131n planlanmas\u0131yla sona erdi.<br \/><\/p>\n","protected":false},"excerpt":{"rendered":"<p>2024-2025 e\u011fitim \u00f6\u011fretim y\u0131l\u0131 ikinci d\u00f6neminin sona ermesiyle birlikte, Sar\u0131g\u00f6l \u0130l\u00e7e Milli E\u011fitim M\u00fcd\u00fcr\u00fc Cezmi Y\u0131ld\u0131rak ba\u015fkanl\u0131\u011f\u0131nda okul m\u00fcd\u00fcrleri kurul toplant\u0131s\u0131 ger\u00e7ekle\u015ftirildi. Toplant\u0131da, geride b\u0131rak\u0131lan d\u00f6nemin genel de\u011ferlendirmesi yap\u0131l\u0131rken, e\u011fitim \u00f6\u011fretim s\u00fcre\u00e7lerinde kar\u015f\u0131la\u015f\u0131lan sorunlar ve \u00e7\u00f6z\u00fcm \u00f6nerileri ele al\u0131nd\u0131. Ayr\u0131ca yeni e\u011fitim \u00f6\u011fretim y\u0131l\u0131na y\u00f6nelik planlamalar, akademik ba\u015far\u0131y\u0131 art\u0131rmaya y\u00f6nelik stratejiler ve kurumsal geli\u015fim \u00e7al\u0131\u015fmalar\u0131&#8230;<\/p>\n","protected":false},"author":1,"featured_media":36603,"comment_status":"open","ping_status":"open","sticky":false,"template":"","format":"standard","meta":{"_crdt_document":"","footnotes":""},"categories":[1],"tags":[],"class_list":["post-36602","post","type-post","status-publish","format-standard","has-post-thumbnail","hentry","category-guncel"],"_links":{"self":[{"href":"https:\/\/www.egemtv.com\/index.php?rest_route=\/wp\/v2\/posts\/36602","targetHints":{"allow":["GET"]}}],"collection":[{"href":"https:\/\/www.egemtv.com\/index.php?rest_route=\/wp\/v2\/posts"}],"about":[{"href":"https:\/\/www.egemtv.com\/index.php?rest_route=\/wp\/v2\/types\/post"}],"author":[{"embeddable":true,"href":"https:\/\/www.egemtv.com\/index.php?rest_route=\/wp\/v2\/users\/1"}],"replies":[{"embeddable":true,"href":"https:\/\/www.egemtv.com\/index.php?rest_route=%2Fwp%2Fv2%2Fcomments&post=36602"}],"version-history":[{"count":1,"href":"https:\/\/www.egemtv.com\/index.php?rest_route=\/wp\/v2\/posts\/36602\/revisions"}],"predecessor-version":[{"id":36604,"href":"https:\/\/www.egemtv.com\/index.php?rest_route=\/wp\/v2\/posts\/36602\/revisions\/36604"}],"wp:featuredmedia":[{"embeddable":true,"href":"https:\/\/www.egemtv.com\/index.php?rest_route=\/wp\/v2\/media\/36603"}],"wp:attachment":[{"href":"https:\/\/www.egemtv.com\/index.php?rest_route=%2Fwp%2Fv2%2Fmedia&parent=36602"}],"wp:term":[{"taxonomy":"category","embeddable":true,"href":"https:\/\/www.egemtv.com\/index.php?rest_route=%2Fwp%2Fv2%2Fcategories&post=36602"},{"taxonomy":"post_tag","embeddable":true,"href":"https:\/\/www.egemtv.com\/index.php?rest_route=%2Fwp%2Fv2%2Ftags&post=36602"}],"curies":[{"name":"wp","href":"https:\/\/api.w.org\/{rel}","templated":true}]}}