{"id":36599,"date":"2025-06-20T17:37:13","date_gmt":"2025-06-20T14:37:13","guid":{"rendered":"https:\/\/www.egemtv.com\/?p=36599"},"modified":"2025-06-20T17:37:17","modified_gmt":"2025-06-20T14:37:17","slug":"akhisar-belediyesinde-ekrem-kayserili-donemi","status":"publish","type":"post","link":"https:\/\/www.egemtv.com\/?p=36599","title":{"rendered":"Akhisar Belediyesinde Ekrem Kayserili d\u00f6nemi"},"content":{"rendered":"<p>Manisa B\u00fcy\u00fck\u015fehir Belediye Ba\u015fkan\u0131 Ferdi Zeyrek\u2019in elektrik ak\u0131m\u0131na kap\u0131larak hayat\u0131n\u0131 kaybetmesinin ard\u0131ndan Manisa B\u00fcy\u00fck\u015fehir Belediye Ba\u015fkanl\u0131\u011f\u0131 g\u00f6revine Akhisar Belediye Ba\u015fkan\u0131 Besim Dutlulu se\u00e7ilirken, Akhisar Belediye Meclisi taraf\u0131ndan Dutlulu\u2019dan bo\u015falan koltu\u011fa mevcut Belediye Ba\u015fkan Yard\u0131mc\u0131s\u0131 Ekrem Kayserili se\u00e7ildi.<br \/>\n<br \/>Manisa B\u00fcy\u00fck\u015fehir Belediye Ba\u015fkan\u0131 Ferdi Zeyrek\u2019in hayat\u0131n\u0131 kaybetmesinin ard\u0131ndan Manisa B\u00fcy\u00fck\u015fehir Belediye Meclisi taraf\u0131ndan Akhisar Belediye Ba\u015fkan\u0131 Besim Dutlulu\u2019nun se\u00e7ilmesi sonras\u0131 bo\u015falan ba\u015fkanl\u0131k koltu\u011fu i\u00e7in Akhisar Belediye Meclisi ola\u011fan\u00fcst\u00fc topland\u0131.<br \/>\n<br \/>Ger\u00e7ekle\u015ftirilen oylamada, AK Parti ve MHP grubu aday \u00e7\u0131karmazken, CHP grubunun aday\u0131, mevcut Belediye Ba\u015fkan Yard\u0131mc\u0131s\u0131 Ekrem Kayserili oldu. Meclis \u00fcyelerinin kat\u0131l\u0131m\u0131yla yap\u0131lan oylamada toplam 30 oy kullan\u0131ld\u0131; 4 oy bo\u015f, 1 oy ise ge\u00e7ersiz say\u0131ld\u0131. Geriye kalan oylar\u0131n tamam\u0131n\u0131 alan Ekrem Kayserili, Akhisar\u2019\u0131n yeni belediye ba\u015fkan\u0131 olarak se\u00e7ildi.<br \/>\n<br \/>Se\u00e7im sonu\u00e7lar\u0131n\u0131n ard\u0131ndan meclis k\u00fcrs\u00fcs\u00fcnden bir te\u015fekk\u00fcr konu\u015fmas\u0131 yapan Kayserili, duygusal ifadelerle vefat eden Manisa B\u00fcy\u00fck\u015fehir Belediye Ba\u015fkan\u0131 Ferdi Zeyrek\u2019i and\u0131 ve Besim Dutlulu\u2019nun b\u00fcy\u00fck\u015fehir belediye ba\u015fkan\u0131 olarak \u00fcstlendi\u011fi yeni g\u00f6revde ba\u015far\u0131lar diledi. Kayserili, &#8220;Ferdi Zeyrek ba\u015fkan\u0131m\u0131z\u0131 rahmetle an\u0131yorum. Manisa B\u00fcy\u00fck\u015fehir Belediye Ba\u015fkan\u0131 olan yol arkada\u015f\u0131m Besim Dutlulu\u2019ya yeni g\u00f6revinde ba\u015far\u0131 diliyorum. Besim Ba\u015fkan\u0131m\u0131z nas\u0131l g\u00f6rev yapt\u0131ysa biz de ayn\u0131 sorumlulukla devam edece\u011fiz. Bu koltu\u011fu bir emanet olarak g\u00f6r\u00fcyoruz. Ortak ak\u0131lla ve ortak \u00e7al\u0131\u015fmalarla yola devam edece\u011fiz.&#8221; dedi.<br \/>\n<br \/>Yeni ba\u015fkan Ekrem Kayserili\u2019nin g\u00f6reve gelmesiyle birlikte Akhisar Belediyesi\u2019nde mevcut projelerin devam edece\u011fi, sosyal belediyecilik anlay\u0131\u015f\u0131n\u0131n s\u00fcrd\u00fcr\u00fclece\u011fi bildirildi.<br \/><\/p>\n","protected":false},"excerpt":{"rendered":"<p>Manisa B\u00fcy\u00fck\u015fehir Belediye Ba\u015fkan\u0131 Ferdi Zeyrek\u2019in elektrik ak\u0131m\u0131na kap\u0131larak hayat\u0131n\u0131 kaybetmesinin ard\u0131ndan Manisa B\u00fcy\u00fck\u015fehir Belediye Ba\u015fkanl\u0131\u011f\u0131 g\u00f6revine Akhisar Belediye Ba\u015fkan\u0131 Besim Dutlulu se\u00e7ilirken, Akhisar Belediye Meclisi taraf\u0131ndan Dutlulu\u2019dan bo\u015falan koltu\u011fa mevcut Belediye Ba\u015fkan Yard\u0131mc\u0131s\u0131 Ekrem Kayserili se\u00e7ildi. Manisa B\u00fcy\u00fck\u015fehir Belediye Ba\u015fkan\u0131 Ferdi Zeyrek\u2019in hayat\u0131n\u0131 kaybetmesinin ard\u0131ndan Manisa B\u00fcy\u00fck\u015fehir Belediye Meclisi taraf\u0131ndan Akhisar Belediye Ba\u015fkan\u0131 Besim&#8230;<\/p>\n","protected":false},"author":1,"featured_media":36600,"comment_status":"open","ping_status":"open","sticky":false,"template":"","format":"standard","meta":{"_crdt_document":"","footnotes":""},"categories":[1],"tags":[],"class_list":["post-36599","post","type-post","status-publish","format-standard","has-post-thumbnail","hentry","category-guncel"],"_links":{"self":[{"href":"https:\/\/www.egemtv.com\/index.php?rest_route=\/wp\/v2\/posts\/36599","targetHints":{"allow":["GET"]}}],"collection":[{"href":"https:\/\/www.egemtv.com\/index.php?rest_route=\/wp\/v2\/posts"}],"about":[{"href":"https:\/\/www.egemtv.com\/index.php?rest_route=\/wp\/v2\/types\/post"}],"author":[{"embeddable":true,"href":"https:\/\/www.egemtv.com\/index.php?rest_route=\/wp\/v2\/users\/1"}],"replies":[{"embeddable":true,"href":"https:\/\/www.egemtv.com\/index.php?rest_route=%2Fwp%2Fv2%2Fcomments&post=36599"}],"version-history":[{"count":1,"href":"https:\/\/www.egemtv.com\/index.php?rest_route=\/wp\/v2\/posts\/36599\/revisions"}],"predecessor-version":[{"id":36601,"href":"https:\/\/www.egemtv.com\/index.php?rest_route=\/wp\/v2\/posts\/36599\/revisions\/36601"}],"wp:featuredmedia":[{"embeddable":true,"href":"https:\/\/www.egemtv.com\/index.php?rest_route=\/wp\/v2\/media\/36600"}],"wp:attachment":[{"href":"https:\/\/www.egemtv.com\/index.php?rest_route=%2Fwp%2Fv2%2Fmedia&parent=36599"}],"wp:term":[{"taxonomy":"category","embeddable":true,"href":"https:\/\/www.egemtv.com\/index.php?rest_route=%2Fwp%2Fv2%2Fcategories&post=36599"},{"taxonomy":"post_tag","embeddable":true,"href":"https:\/\/www.egemtv.com\/index.php?rest_route=%2Fwp%2Fv2%2Ftags&post=36599"}],"curies":[{"name":"wp","href":"https:\/\/api.w.org\/{rel}","templated":true}]}}