{"id":36596,"date":"2025-06-20T17:15:51","date_gmt":"2025-06-20T14:15:51","guid":{"rendered":"https:\/\/www.egemtv.com\/?p=36596"},"modified":"2025-06-20T17:15:55","modified_gmt":"2025-06-20T14:15:55","slug":"liselilerin-hazirladigi-sancak-dergisi-okuyucuyla-bulustu","status":"publish","type":"post","link":"https:\/\/www.egemtv.com\/?p=36596","title":{"rendered":"Liselilerin haz\u0131rlad\u0131\u011f\u0131 \u2018Sancak\u2019 dergisi okuyucuyla bulu\u015ftu"},"content":{"rendered":"<p>Denizli\u2019nin Serinhisar il\u00e7esine ba\u011fl\u0131 Yata\u011fan Mahallesi\u2019nde e\u011fitim faaliyetlerini s\u00fcrd\u00fcren Yata\u011fan Anadolu \u0130mam Hatip Lisesi, \u00f6\u011frencilerinin ve \u00f6\u011fretmenlerinin ortak eme\u011fiyle haz\u0131rlad\u0131\u011f\u0131 &#8220;Sancak&#8221; adl\u0131 okul dergisiyle \u00f6nemli bir k\u00fclt\u00fcrel \u00e7al\u0131\u015fmaya imza att\u0131.<\/p>\n<p>Yata\u011fan Anadolu \u0130mam Hatip Lisesi \u00f6\u011fretmen ve \u00f6\u011frencilerin eme\u011fi ile \u00e7\u0131kan Sancak dergisi, vatanda\u015flar\u0131n yo\u011fun ilgisine neden oldu. Okulun y\u0131l boyunca ger\u00e7ekle\u015ftirdi\u011fi sosyal, k\u00fclt\u00fcrel ve akademik etkinliklerin yer ald\u0131\u011f\u0131 dergide, ayn\u0131 zamanda Yata\u011fan Mahallesi\u2019nin tarihi ve k\u00fclt\u00fcrel de\u011ferlerine de geni\u015f yer verildi. \u00d6\u011frencilerin kaleme ald\u0131\u011f\u0131 yaz\u0131lar ve \u00e7ektikleri foto\u011fraflarla zenginle\u015fen &#8220;Sancak&#8221;, hem bir okul haf\u0131zas\u0131 hem de yerel k\u00fclt\u00fcr\u00fcn yans\u0131t\u0131ld\u0131\u011f\u0131 \u00f6zel bir yay\u0131n olarak dikkat \u00e7ekiyor. Yay\u0131n\u0131n, \u00f6n\u00fcm\u00fczdeki d\u00f6nemde de s\u00fcrd\u00fcr\u00fclebilir bir okul gelene\u011fi haline gelmesi hedefleniyor.<\/p>\n<p>Okul M\u00fcd\u00fcr\u00fc Mustafa \u00d6zarslan, derginin yay\u0131nlanmas\u0131ndan duydu\u011fu memnuniyeti dile getirerek, \u015fu a\u00e7\u0131klamalarda bulundu:<br \/>\n<br \/>&#8220;Sancak dergisi, \u00f6\u011frencilerimizin eme\u011fiyle ve \u00f6\u011fretmenlerimizin rehberli\u011fiyle ortaya \u00e7\u0131kan \u00e7ok de\u011ferli bir \u00e7al\u0131\u015fmad\u0131r. Bu dergi sayesinde sadece okul faaliyetlerimizi duyurmakla kalmad\u0131k; ayn\u0131 zamanda Yata\u011fan Mahallemizin tarihini, k\u00fclt\u00fcr\u00fcn\u00fc ve do\u011fal g\u00fczelliklerini de kay\u0131t alt\u0131na alm\u0131\u015f olduk. Gen\u00e7lerimizin kaleminden \u00e7\u0131kan bu i\u00e7erikler, onlar\u0131n k\u00fclt\u00fcrel duyarl\u0131l\u0131klar\u0131n\u0131 art\u0131rmakla birlikte, gelecek nesillere de bir miras b\u0131rakacakt\u0131r. Eme\u011fi ge\u00e7en herkese te\u015fekk\u00fcr ediyorum&#8221;<\/p>\n<p>\u00d6\u011frenci ve \u00f6\u011fretmenlerin ortak \u00e7abas\u0131n\u0131n \u00fcr\u00fcn\u00fc olan dergiyi \u00e7ok be\u011fendi\u011fini ifade eden Hasan Demir ise &#8220;Biz Yata\u011fan Anadolu \u0130mam Hatip Lisesi\u2019nin dergi yay\u0131nlayaca\u011f\u0131n\u0131 daha \u00f6nce duymu\u015ftuk. Bir s\u00fcre sonra yay\u0131nlan\u0131nca dergi elimize ge\u00e7ti\u011finde ger\u00e7ekten olduk\u00e7a be\u011fendik.  Dergide Yata\u011fan Mahallemizin tarihini, k\u00fclt\u00fcr\u00fcn\u00fc ve do\u011fal g\u00fczelliklerini g\u00f6rd\u00fck. Di\u011fer yandan dergide okulun faaliyetleri de yer ald\u0131. Biz eme\u011fi ge\u00e7en herkesi y\u00fcrekten kutluyoruz. Sancak dergisini ger\u00e7ekten \u00e7ok be\u011fendik. Derginin ad\u0131na da i\u00e7erisinde yer alan konulara da hayran kald\u0131k&#8221; ifadelerini kulland\u0131.<br \/><\/p>\n","protected":false},"excerpt":{"rendered":"<p>Denizli\u2019nin Serinhisar il\u00e7esine ba\u011fl\u0131 Yata\u011fan Mahallesi\u2019nde e\u011fitim faaliyetlerini s\u00fcrd\u00fcren Yata\u011fan Anadolu \u0130mam Hatip Lisesi, \u00f6\u011frencilerinin ve \u00f6\u011fretmenlerinin ortak eme\u011fiyle haz\u0131rlad\u0131\u011f\u0131 &#8220;Sancak&#8221; adl\u0131 okul dergisiyle \u00f6nemli bir k\u00fclt\u00fcrel \u00e7al\u0131\u015fmaya imza att\u0131. Yata\u011fan Anadolu \u0130mam Hatip Lisesi \u00f6\u011fretmen ve \u00f6\u011frencilerin eme\u011fi ile \u00e7\u0131kan Sancak dergisi, vatanda\u015flar\u0131n yo\u011fun ilgisine neden oldu. Okulun y\u0131l boyunca ger\u00e7ekle\u015ftirdi\u011fi sosyal, k\u00fclt\u00fcrel ve&#8230;<\/p>\n","protected":false},"author":1,"featured_media":36597,"comment_status":"open","ping_status":"open","sticky":false,"template":"","format":"standard","meta":{"_crdt_document":"","footnotes":""},"categories":[1],"tags":[],"class_list":["post-36596","post","type-post","status-publish","format-standard","has-post-thumbnail","hentry","category-guncel"],"_links":{"self":[{"href":"https:\/\/www.egemtv.com\/index.php?rest_route=\/wp\/v2\/posts\/36596","targetHints":{"allow":["GET"]}}],"collection":[{"href":"https:\/\/www.egemtv.com\/index.php?rest_route=\/wp\/v2\/posts"}],"about":[{"href":"https:\/\/www.egemtv.com\/index.php?rest_route=\/wp\/v2\/types\/post"}],"author":[{"embeddable":true,"href":"https:\/\/www.egemtv.com\/index.php?rest_route=\/wp\/v2\/users\/1"}],"replies":[{"embeddable":true,"href":"https:\/\/www.egemtv.com\/index.php?rest_route=%2Fwp%2Fv2%2Fcomments&post=36596"}],"version-history":[{"count":1,"href":"https:\/\/www.egemtv.com\/index.php?rest_route=\/wp\/v2\/posts\/36596\/revisions"}],"predecessor-version":[{"id":36598,"href":"https:\/\/www.egemtv.com\/index.php?rest_route=\/wp\/v2\/posts\/36596\/revisions\/36598"}],"wp:featuredmedia":[{"embeddable":true,"href":"https:\/\/www.egemtv.com\/index.php?rest_route=\/wp\/v2\/media\/36597"}],"wp:attachment":[{"href":"https:\/\/www.egemtv.com\/index.php?rest_route=%2Fwp%2Fv2%2Fmedia&parent=36596"}],"wp:term":[{"taxonomy":"category","embeddable":true,"href":"https:\/\/www.egemtv.com\/index.php?rest_route=%2Fwp%2Fv2%2Fcategories&post=36596"},{"taxonomy":"post_tag","embeddable":true,"href":"https:\/\/www.egemtv.com\/index.php?rest_route=%2Fwp%2Fv2%2Ftags&post=36596"}],"curies":[{"name":"wp","href":"https:\/\/api.w.org\/{rel}","templated":true}]}}