{"id":36593,"date":"2025-06-20T17:15:46","date_gmt":"2025-06-20T14:15:46","guid":{"rendered":"https:\/\/www.egemtv.com\/?p=36593"},"modified":"2025-06-20T17:15:50","modified_gmt":"2025-06-20T14:15:50","slug":"ogrenciler-karne-mutlulugu-yasadi","status":"publish","type":"post","link":"https:\/\/www.egemtv.com\/?p=36593","title":{"rendered":"\u00d6\u011frenciler karne mutlulu\u011fu ya\u015fad\u0131"},"content":{"rendered":"<p>Manisa\u2019da on binlerce \u00f6\u011frenci karnelerini alarak b\u00fcy\u00fck bir sevin\u00e7 ya\u015farken, \u00e7ocuk k\u00fclt\u00fcr sanat merkezlerindeki \u00f6\u011frenciler de belgelerini ald\u0131.<br \/>\n<br \/>2024-2025 E\u011fitim-\u00d6\u011fretim y\u0131l\u0131n\u0131n sona ermesiyle Manisa\u2019da on binlerce \u00f6\u011frenci i\u00e7in tatil ba\u015flad\u0131. Okullarla birlikte okul \u00f6ncesi e\u011fitim kurumlar\u0131nda da belge heyecan\u0131 ya\u015fand\u0131.<\/p>\n<p>Yunusemre\u2019nin minikleri belgelerini ald\u0131<br \/>\n<br \/>Yunusemre Belediyesi b\u00fcnyesinde hizmet veren \u00e7ocuk k\u00fclt\u00fcr ve sanat merkezlerinde e\u011fitim g\u00f6ren 280 \u00f6\u011frenci belgelerini ald\u0131.<br \/>\n<br \/>Yunusemre Belediyesi \u00c7ocuk K\u00fclt\u00fcr ve Sanat Merkezlerinde e\u011fitim g\u00f6ren miniklerin yaz tatili heyecan\u0131 ba\u015flad\u0131. Muradiye, G\u00fczelyurt, Barbaros ve Kaynak Mahallesi\u2019nde bulunan \u00e7ocuk k\u00fclt\u00fcr ve sanat merkezlerinde \u00f6\u011frenim g\u00f6ren 280 \u00f6\u011frenci belgelerini ald\u0131. Belgelerini \u00f6\u011fretmenlerinin ellerinden alan \u00f6\u011frenciler ard\u0131ndan doyas\u0131ya e\u011flendi. Belge alman\u0131n mutlulu\u011funu ya\u015fayan minik \u00f6\u011frenciler etkinlik sonunda keplerini att\u0131.<\/p>\n<p>Dr. \u00d6mer Faruk Meri\u00e7 \u0130lkokulunda karne mutlulu\u011fu<br \/>\n<br \/>\u015eehzadeler il\u00e7esinde bulunan Dr. \u00d6mer Faruk Meri\u00e7 \u0130lkokulu-Ortaokulu\u2019nda da karne sevinci ya\u015fand\u0131. \u00d6\u011frenciler karnelerini alarak tatile ba\u015flad\u0131. 2\/A s\u0131n\u0131f\u0131 \u00f6\u011frencileri de bu y\u0131l\u0131 tamamlayarak 2025-2026 e\u011fitim \u00f6\u011fretim d\u00f6neminde 3. s\u0131n\u0131fa ba\u015flayacak olman\u0131n heyecan\u0131yla yaz tatiline ba\u015flad\u0131. 2\/A S\u0131n\u0131f\u0131 \u00d6\u011fretmeni Semra Ka\u015f\u0131k\u00e7\u0131 \u00f6\u011frencilerini tebrik ederek, &#8220;1 y\u0131ll\u0131k e\u011fitim \u00f6\u011fretim sona erdi. \u015eimdi tatil zaman\u0131. Tatili g\u00fczelce de\u011ferlendirin, gezin, oynay\u0131n, kitap okuyun. Yeni sezonda tekrar okulda bulu\u015fal\u0131m&#8221; diye konu\u015ftu.<br \/><\/p>\n","protected":false},"excerpt":{"rendered":"<p>Manisa\u2019da on binlerce \u00f6\u011frenci karnelerini alarak b\u00fcy\u00fck bir sevin\u00e7 ya\u015farken, \u00e7ocuk k\u00fclt\u00fcr sanat merkezlerindeki \u00f6\u011frenciler de belgelerini ald\u0131. 2024-2025 E\u011fitim-\u00d6\u011fretim y\u0131l\u0131n\u0131n sona ermesiyle Manisa\u2019da on binlerce \u00f6\u011frenci i\u00e7in tatil ba\u015flad\u0131. Okullarla birlikte okul \u00f6ncesi e\u011fitim kurumlar\u0131nda da belge heyecan\u0131 ya\u015fand\u0131. Yunusemre\u2019nin minikleri belgelerini ald\u0131 Yunusemre Belediyesi b\u00fcnyesinde hizmet veren \u00e7ocuk k\u00fclt\u00fcr ve sanat merkezlerinde e\u011fitim&#8230;<\/p>\n","protected":false},"author":1,"featured_media":36594,"comment_status":"open","ping_status":"open","sticky":false,"template":"","format":"standard","meta":{"_crdt_document":"","footnotes":""},"categories":[1],"tags":[],"class_list":["post-36593","post","type-post","status-publish","format-standard","has-post-thumbnail","hentry","category-guncel"],"_links":{"self":[{"href":"https:\/\/www.egemtv.com\/index.php?rest_route=\/wp\/v2\/posts\/36593","targetHints":{"allow":["GET"]}}],"collection":[{"href":"https:\/\/www.egemtv.com\/index.php?rest_route=\/wp\/v2\/posts"}],"about":[{"href":"https:\/\/www.egemtv.com\/index.php?rest_route=\/wp\/v2\/types\/post"}],"author":[{"embeddable":true,"href":"https:\/\/www.egemtv.com\/index.php?rest_route=\/wp\/v2\/users\/1"}],"replies":[{"embeddable":true,"href":"https:\/\/www.egemtv.com\/index.php?rest_route=%2Fwp%2Fv2%2Fcomments&post=36593"}],"version-history":[{"count":1,"href":"https:\/\/www.egemtv.com\/index.php?rest_route=\/wp\/v2\/posts\/36593\/revisions"}],"predecessor-version":[{"id":36595,"href":"https:\/\/www.egemtv.com\/index.php?rest_route=\/wp\/v2\/posts\/36593\/revisions\/36595"}],"wp:featuredmedia":[{"embeddable":true,"href":"https:\/\/www.egemtv.com\/index.php?rest_route=\/wp\/v2\/media\/36594"}],"wp:attachment":[{"href":"https:\/\/www.egemtv.com\/index.php?rest_route=%2Fwp%2Fv2%2Fmedia&parent=36593"}],"wp:term":[{"taxonomy":"category","embeddable":true,"href":"https:\/\/www.egemtv.com\/index.php?rest_route=%2Fwp%2Fv2%2Fcategories&post=36593"},{"taxonomy":"post_tag","embeddable":true,"href":"https:\/\/www.egemtv.com\/index.php?rest_route=%2Fwp%2Fv2%2Ftags&post=36593"}],"curies":[{"name":"wp","href":"https:\/\/api.w.org\/{rel}","templated":true}]}}