{"id":36590,"date":"2025-06-20T16:56:27","date_gmt":"2025-06-20T13:56:27","guid":{"rendered":"https:\/\/www.egemtv.com\/?p=36590"},"modified":"2025-06-20T16:56:32","modified_gmt":"2025-06-20T13:56:32","slug":"turizmciler-ve-tatilciler-marmaris-sadece-gece-hayatindan-ve-o-goruntulerden-ibaret-degil","status":"publish","type":"post","link":"https:\/\/www.egemtv.com\/?p=36590","title":{"rendered":"Turizmciler ve tatilciler \u2019 Marmaris sadece gece hayat\u0131ndan ve o g\u00f6r\u00fcnt\u00fclerden ibaret de\u011fil\u2019"},"content":{"rendered":"<p>D\u00fcnyan\u0131n ve \u00fclkemizin en pop\u00fcler turizm kentlerinden olan Mu\u011fla\u2019n\u0131n Marmaris il\u00e7esinde son g\u00fcnlerde baz\u0131 e\u011flence mekanlar\u0131na dair sosyal medyada payla\u015f\u0131lan g\u00f6r\u00fcnt\u00fcler kamuoyunda tart\u0131\u015fma olu\u015fturdu.<\/p>\n<p>Marmaris\u2019te turizm i\u015fletmecisi  ve G\u00fcney Ege Turistik Otelciler ve \u0130\u015fletmeciler Birli\u011fi Genel Sekreteri Nevcihan Eren, \u00f6zellikle y\u00fcksek sesli m\u00fczik ve etik d\u0131\u015f\u0131 g\u00f6steriler nedeniyle il\u00e7enin zaman zaman g\u00fcndeme gelmesinin sekt\u00f6re zarar verdi\u011fini s\u00f6yledi. &#8220;Kaymakaml\u0131\u011f\u0131m\u0131z\u0131n, Emniyet M\u00fcd\u00fcrl\u00fc\u011f\u00fcm\u00fcz\u00fcn ve belediyemizin denetimlerini yerinde ve gerekli buluyoruz&#8221; diyen Eren, bu s\u00fcre\u00e7te kurumlarla i\u015f birli\u011fi i\u00e7inde \u00e7al\u0131\u015ft\u0131klar\u0131n\u0131, \u00fcyelerini bilgilendirdiklerini vurgulad\u0131.<\/p>\n<p>Otel i\u015fletmecisi Eren &#8220;Bizim Marmaris\u2019imiz sadece gece hayat\u0131ndan ibaret de\u011fil. Do\u011fam\u0131z, koylar\u0131m\u0131z, tarihi alanlar\u0131m\u0131z ve y\u0131llard\u0131r hizmet veren k\u00f6kl\u00fc i\u015fletmelerimizle fark olu\u015fturuyoruz. B\u00f6yle an\u0131lmak istemiyoruz. Amac\u0131m\u0131z, Marmaris\u2019e gelen ailelerin, gen\u00e7lerin ve do\u011faseverlerin huzurlu bir tatil ge\u00e7irmesi \u2018\u2019 dedi.<\/p>\n<p>\u0130ngiliz pazar\u0131yla uzun s\u00fcredir \u00e7al\u0131\u015fan ve m\u00fcdavim misafirleri a\u011f\u0131rlayan i\u015fletmenin bu ayki konuklar\u0131n\u0131n y\u00fczde 80\u2019inin her y\u0131l Marmaris\u2019e geldi\u011fini belirten Eren,  &#8220;Misafirlerimizden en  az 5 y\u0131ldan fazlad\u0131r buraya baz\u0131lar\u0131 30 y\u0131ld\u0131r geliyor. Nereye gidip gitmeyeceklerini, neyi tercih etmeyeceklerini \u00e7ok iyi biliyorlar. Rahats\u0131z olduklar\u0131 bir ortama zaten girmezler. Sosyal medyadaki baz\u0131 g\u00f6r\u00fcnt\u00fclerin arkas\u0131 ara\u015ft\u0131r\u0131lmal\u0131. Bu tarz i\u00e7eriklerin Marmaris\u2019in genel yap\u0131s\u0131yla ilgisi yok&#8221; diyerek Marmaris\u2019in g\u00fczelliklerini payla\u015farak o k\u00f6t\u00fc g\u00f6r\u00fcnt\u00fclerin etkisinin kalkaca\u011f\u0131n\u0131n da \u00f6nemini vurgulad\u0131.<\/p>\n<p>&#8220;\u0130ngiltere\u2019den daha ucuz ve havas\u0131 daha g\u00fczel&#8221;<br \/>\n<br \/>Marmaris\u2019e 23 y\u0131ld\u0131r tatile gelen \u0130ngiliz Georgues \u00e7ifti ise  &#8220;Biz Marmaris\u2019i \u00e7ok seviyoruz. Do\u011fas\u0131, yemekleri, insanlar\u0131n\u0131n samimiyetiyle bizim i\u00e7in harika bir yer. Y\u0131lda iki kez \u0130\u00e7meler\u2019e geliyoruz, yat liman\u0131nda yeme\u011fimizi yiyoruz, y\u00fcr\u00fcy\u00fc\u015f\u00fcm\u00fcz\u00fc al\u0131\u015fveri\u015fimizi yap\u0131yoruz. Sosyal medyada \u00e7\u0131kanlar\u0131 pek g\u00f6rm\u00fcyoruz, g\u00f6rsek de \u00f6nemsemiyoruz. Burada g\u00fcvendeyiz ve rahat\u0131z. O tarz e\u011flence mekanlar\u0131n\u0131 tercih edenler de olabilir, ona da bir \u015fey demiyoruz. Ama \u015funu da s\u00f6yleyelim, \u0130ngiltere\u2019den daha ucuz. Ve biz her zaman dostlar\u0131m\u0131za Marmaris\u2019i tavsiye ediyoruz ve tekrar gelece\u011fiz&#8221; diyerek tatil i\u00e7in vazge\u00e7emeyecekleri tek yerin buras\u0131 oldu\u011funu ifade ettiler.<\/p>\n<p>Yetkililerden edinilen bilgiye g\u00f6re, il\u00e7ede kurallara uymayan i\u015fletmelere y\u00f6nelik denetimlerin s\u00fcrece\u011fi ve gerekli cezai i\u015flemlerin uygulanmaya devam edece\u011fi \u00f6\u011frenildi.<br \/><\/p>\n","protected":false},"excerpt":{"rendered":"<p>D\u00fcnyan\u0131n ve \u00fclkemizin en pop\u00fcler turizm kentlerinden olan Mu\u011fla\u2019n\u0131n Marmaris il\u00e7esinde son g\u00fcnlerde baz\u0131 e\u011flence mekanlar\u0131na dair sosyal medyada payla\u015f\u0131lan g\u00f6r\u00fcnt\u00fcler kamuoyunda tart\u0131\u015fma olu\u015fturdu. Marmaris\u2019te turizm i\u015fletmecisi ve G\u00fcney Ege Turistik Otelciler ve \u0130\u015fletmeciler Birli\u011fi Genel Sekreteri Nevcihan Eren, \u00f6zellikle y\u00fcksek sesli m\u00fczik ve etik d\u0131\u015f\u0131 g\u00f6steriler nedeniyle il\u00e7enin zaman zaman g\u00fcndeme gelmesinin sekt\u00f6re zarar&#8230;<\/p>\n","protected":false},"author":1,"featured_media":36591,"comment_status":"open","ping_status":"open","sticky":false,"template":"","format":"standard","meta":{"_crdt_document":"","footnotes":""},"categories":[1],"tags":[],"class_list":["post-36590","post","type-post","status-publish","format-standard","has-post-thumbnail","hentry","category-guncel"],"_links":{"self":[{"href":"https:\/\/www.egemtv.com\/index.php?rest_route=\/wp\/v2\/posts\/36590","targetHints":{"allow":["GET"]}}],"collection":[{"href":"https:\/\/www.egemtv.com\/index.php?rest_route=\/wp\/v2\/posts"}],"about":[{"href":"https:\/\/www.egemtv.com\/index.php?rest_route=\/wp\/v2\/types\/post"}],"author":[{"embeddable":true,"href":"https:\/\/www.egemtv.com\/index.php?rest_route=\/wp\/v2\/users\/1"}],"replies":[{"embeddable":true,"href":"https:\/\/www.egemtv.com\/index.php?rest_route=%2Fwp%2Fv2%2Fcomments&post=36590"}],"version-history":[{"count":1,"href":"https:\/\/www.egemtv.com\/index.php?rest_route=\/wp\/v2\/posts\/36590\/revisions"}],"predecessor-version":[{"id":36592,"href":"https:\/\/www.egemtv.com\/index.php?rest_route=\/wp\/v2\/posts\/36590\/revisions\/36592"}],"wp:featuredmedia":[{"embeddable":true,"href":"https:\/\/www.egemtv.com\/index.php?rest_route=\/wp\/v2\/media\/36591"}],"wp:attachment":[{"href":"https:\/\/www.egemtv.com\/index.php?rest_route=%2Fwp%2Fv2%2Fmedia&parent=36590"}],"wp:term":[{"taxonomy":"category","embeddable":true,"href":"https:\/\/www.egemtv.com\/index.php?rest_route=%2Fwp%2Fv2%2Fcategories&post=36590"},{"taxonomy":"post_tag","embeddable":true,"href":"https:\/\/www.egemtv.com\/index.php?rest_route=%2Fwp%2Fv2%2Ftags&post=36590"}],"curies":[{"name":"wp","href":"https:\/\/api.w.org\/{rel}","templated":true}]}}