{"id":36587,"date":"2025-06-20T16:56:23","date_gmt":"2025-06-20T13:56:23","guid":{"rendered":"https:\/\/www.egemtv.com\/?p=36587"},"modified":"2025-06-20T16:56:27","modified_gmt":"2025-06-20T13:56:27","slug":"manisada-ormanlik-alanda-yangin-havadan-ve-karadan-mudahale-basladi","status":"publish","type":"post","link":"https:\/\/www.egemtv.com\/?p=36587","title":{"rendered":"Manisa\u2019da ormanl\u0131k alanda yang\u0131n: Havadan ve karadan m\u00fcdahale ba\u015flad\u0131"},"content":{"rendered":"<p>Manisa\u2019n\u0131n Kula il\u00e7esindeki ormanl\u0131k alanda ba\u015flayan yang\u0131na havadan ve karadan m\u00fcdahale ba\u015flad\u0131.<br \/>\n<br \/>Manisa\u2019n\u0131n Kula il\u00e7esine ba\u011fl\u0131 Kal\u0131nharman Mahallesi\u2019ndeki ormanl\u0131k alanda yang\u0131n \u00e7\u0131kt\u0131. Haber verilmesi \u00fczerine b\u00f6lgeye \u0130zmir Orman B\u00f6lge M\u00fcd\u00fcrl\u00fc\u011f\u00fcne ba\u011fl\u0131 3 u\u00e7ak, 5 helikopter, 21 araz\u00f6z, 8 su ikmal ve 3 dozer sevk edildi.<br \/>\n<br \/>Ekiplerin havadan ve karadan m\u00fcdahale ettikleri yang\u0131n\u0131n en k\u0131sa s\u00fcrede kontrol alt\u0131na al\u0131nmas\u0131 i\u00e7in \u00e7al\u0131\u015fmalar s\u00fcrd\u00fcr\u00fcl\u00fcyor.<br \/><\/p>\n","protected":false},"excerpt":{"rendered":"<p>Manisa\u2019n\u0131n Kula il\u00e7esindeki ormanl\u0131k alanda ba\u015flayan yang\u0131na havadan ve karadan m\u00fcdahale ba\u015flad\u0131. Manisa\u2019n\u0131n Kula il\u00e7esine ba\u011fl\u0131 Kal\u0131nharman Mahallesi\u2019ndeki ormanl\u0131k alanda yang\u0131n \u00e7\u0131kt\u0131. Haber verilmesi \u00fczerine b\u00f6lgeye \u0130zmir Orman B\u00f6lge M\u00fcd\u00fcrl\u00fc\u011f\u00fcne ba\u011fl\u0131 3 u\u00e7ak, 5 helikopter, 21 araz\u00f6z, 8 su ikmal ve 3 dozer sevk edildi. Ekiplerin havadan ve karadan m\u00fcdahale ettikleri yang\u0131n\u0131n en k\u0131sa s\u00fcrede&#8230;<\/p>\n","protected":false},"author":1,"featured_media":36588,"comment_status":"open","ping_status":"open","sticky":false,"template":"","format":"standard","meta":{"_crdt_document":"","footnotes":""},"categories":[5],"tags":[],"class_list":["post-36587","post","type-post","status-publish","format-standard","has-post-thumbnail","hentry","category-asayis"],"_links":{"self":[{"href":"https:\/\/www.egemtv.com\/index.php?rest_route=\/wp\/v2\/posts\/36587","targetHints":{"allow":["GET"]}}],"collection":[{"href":"https:\/\/www.egemtv.com\/index.php?rest_route=\/wp\/v2\/posts"}],"about":[{"href":"https:\/\/www.egemtv.com\/index.php?rest_route=\/wp\/v2\/types\/post"}],"author":[{"embeddable":true,"href":"https:\/\/www.egemtv.com\/index.php?rest_route=\/wp\/v2\/users\/1"}],"replies":[{"embeddable":true,"href":"https:\/\/www.egemtv.com\/index.php?rest_route=%2Fwp%2Fv2%2Fcomments&post=36587"}],"version-history":[{"count":1,"href":"https:\/\/www.egemtv.com\/index.php?rest_route=\/wp\/v2\/posts\/36587\/revisions"}],"predecessor-version":[{"id":36589,"href":"https:\/\/www.egemtv.com\/index.php?rest_route=\/wp\/v2\/posts\/36587\/revisions\/36589"}],"wp:featuredmedia":[{"embeddable":true,"href":"https:\/\/www.egemtv.com\/index.php?rest_route=\/wp\/v2\/media\/36588"}],"wp:attachment":[{"href":"https:\/\/www.egemtv.com\/index.php?rest_route=%2Fwp%2Fv2%2Fmedia&parent=36587"}],"wp:term":[{"taxonomy":"category","embeddable":true,"href":"https:\/\/www.egemtv.com\/index.php?rest_route=%2Fwp%2Fv2%2Fcategories&post=36587"},{"taxonomy":"post_tag","embeddable":true,"href":"https:\/\/www.egemtv.com\/index.php?rest_route=%2Fwp%2Fv2%2Ftags&post=36587"}],"curies":[{"name":"wp","href":"https:\/\/api.w.org\/{rel}","templated":true}]}}