{"id":36584,"date":"2025-06-20T16:56:19","date_gmt":"2025-06-20T13:56:19","guid":{"rendered":"https:\/\/www.egemtv.com\/?p=36584"},"modified":"2025-06-20T16:56:23","modified_gmt":"2025-06-20T13:56:23","slug":"datca-belediyesinden-eseklere-eziyet-iddiasi","status":"publish","type":"post","link":"https:\/\/www.egemtv.com\/?p=36584","title":{"rendered":"Dat\u00e7a Belediyesi\u2019nden e\u015feklere eziyet iddias\u0131"},"content":{"rendered":"<p>Mu\u011fla\u2019n\u0131n Dat\u00e7a il\u00e7esinde ba\u015f\u0131bo\u015f e\u015feklerin i\u011fne ile uyutularak toplan\u0131p uygun olmayan \u015fartlarda ta\u015f\u0131nd\u0131\u011f\u0131n\u0131 iddia eden hayvanseverler belediyeye tepki g\u00f6sterdi.<br \/>\n<br \/>Mu\u011fla\u2019n\u0131n Dat\u00e7a il\u00e7esinde belediye ekipleri taraf\u0131ndan ba\u015f\u0131bo\u015f e\u015feklere y\u00f6nelik ger\u00e7ekle\u015ftirilen toplama \u00e7al\u0131\u015fmas\u0131 hayvanseverlerin tepkisine neden oldu. Hayvanseverler taraf\u0131ndan kayda al\u0131nan ve foto\u011frafa yans\u0131yan uygulamada, e\u015feklerin i\u011fne ile uyu\u015fturularak a\u00e7\u0131k kasa bir kamyonetin arkas\u0131nda yere yat\u0131r\u0131ld\u0131\u011f\u0131, bacaklar\u0131 ve boyunlar\u0131 ba\u011flanarak ta\u015f\u0131nd\u0131\u011f\u0131 g\u00f6r\u00fcld\u00fc. Uygun olmayan \u015fartlarda yap\u0131lan ta\u015f\u0131ma s\u0131ras\u0131nda, e\u015feklerden birinin hamile oldu\u011fu da iddia edildi. G\u00f6r\u00fcnt\u00fclerde e\u015feklerin hareketsiz bi\u00e7imde \u00fcst \u00fcste y\u0131\u011f\u0131ld\u0131\u011f\u0131 g\u00f6r\u00fcl\u00fcrken, g\u00f6r\u00fcnt\u00fcler tepki \u00e7ekti.<br \/>\n<br \/>Konuyla ilgili Dat\u00e7a Belediyesi\u2019nden yap\u0131lan a\u00e7\u0131klamada, toplanan e\u015feklerin \u015fu anda belediyenin g\u00f6zetiminde sa\u011fl\u0131kl\u0131 bir \u015fekilde koruma alt\u0131nda oldu\u011fu ve sahiplendirmeye a\u00e7\u0131k hale getirildi\u011fi duyuruldu.<br \/><\/p>\n","protected":false},"excerpt":{"rendered":"<p>Mu\u011fla\u2019n\u0131n Dat\u00e7a il\u00e7esinde ba\u015f\u0131bo\u015f e\u015feklerin i\u011fne ile uyutularak toplan\u0131p uygun olmayan \u015fartlarda ta\u015f\u0131nd\u0131\u011f\u0131n\u0131 iddia eden hayvanseverler belediyeye tepki g\u00f6sterdi. Mu\u011fla\u2019n\u0131n Dat\u00e7a il\u00e7esinde belediye ekipleri taraf\u0131ndan ba\u015f\u0131bo\u015f e\u015feklere y\u00f6nelik ger\u00e7ekle\u015ftirilen toplama \u00e7al\u0131\u015fmas\u0131 hayvanseverlerin tepkisine neden oldu. Hayvanseverler taraf\u0131ndan kayda al\u0131nan ve foto\u011frafa yans\u0131yan uygulamada, e\u015feklerin i\u011fne ile uyu\u015fturularak a\u00e7\u0131k kasa bir kamyonetin arkas\u0131nda yere yat\u0131r\u0131ld\u0131\u011f\u0131, bacaklar\u0131&#8230;<\/p>\n","protected":false},"author":1,"featured_media":36585,"comment_status":"open","ping_status":"open","sticky":false,"template":"","format":"standard","meta":{"_crdt_document":"","footnotes":""},"categories":[1],"tags":[],"class_list":["post-36584","post","type-post","status-publish","format-standard","has-post-thumbnail","hentry","category-guncel"],"_links":{"self":[{"href":"https:\/\/www.egemtv.com\/index.php?rest_route=\/wp\/v2\/posts\/36584","targetHints":{"allow":["GET"]}}],"collection":[{"href":"https:\/\/www.egemtv.com\/index.php?rest_route=\/wp\/v2\/posts"}],"about":[{"href":"https:\/\/www.egemtv.com\/index.php?rest_route=\/wp\/v2\/types\/post"}],"author":[{"embeddable":true,"href":"https:\/\/www.egemtv.com\/index.php?rest_route=\/wp\/v2\/users\/1"}],"replies":[{"embeddable":true,"href":"https:\/\/www.egemtv.com\/index.php?rest_route=%2Fwp%2Fv2%2Fcomments&post=36584"}],"version-history":[{"count":1,"href":"https:\/\/www.egemtv.com\/index.php?rest_route=\/wp\/v2\/posts\/36584\/revisions"}],"predecessor-version":[{"id":36586,"href":"https:\/\/www.egemtv.com\/index.php?rest_route=\/wp\/v2\/posts\/36584\/revisions\/36586"}],"wp:featuredmedia":[{"embeddable":true,"href":"https:\/\/www.egemtv.com\/index.php?rest_route=\/wp\/v2\/media\/36585"}],"wp:attachment":[{"href":"https:\/\/www.egemtv.com\/index.php?rest_route=%2Fwp%2Fv2%2Fmedia&parent=36584"}],"wp:term":[{"taxonomy":"category","embeddable":true,"href":"https:\/\/www.egemtv.com\/index.php?rest_route=%2Fwp%2Fv2%2Fcategories&post=36584"},{"taxonomy":"post_tag","embeddable":true,"href":"https:\/\/www.egemtv.com\/index.php?rest_route=%2Fwp%2Fv2%2Ftags&post=36584"}],"curies":[{"name":"wp","href":"https:\/\/api.w.org\/{rel}","templated":true}]}}