{"id":36581,"date":"2025-06-20T16:36:49","date_gmt":"2025-06-20T13:36:49","guid":{"rendered":"https:\/\/www.egemtv.com\/?p=36581"},"modified":"2025-06-20T16:36:54","modified_gmt":"2025-06-20T13:36:54","slug":"ferdi-zeyreki-unutmayan-baskan-putun-ogrencilerinin-mutluluguna-ortak-oldu","status":"publish","type":"post","link":"https:\/\/www.egemtv.com\/?p=36581","title":{"rendered":"Ferdi Zeyrek\u2019i unutmayan Ba\u015fkan P\u00fct\u00fcn, \u00f6\u011frencilerinin mutlulu\u011funa ortak oldu"},"content":{"rendered":"<p>DEN\u0130ZL\u0130 (\u0130HA) \u2013 Evinde ge\u00e7irdi\u011fi kaza sonucu hayat\u0131n\u0131 kaybeden Manisa B\u00fcy\u00fck\u015fehir Belediye Ba\u015fkan\u0131 Ferdi Zeyrek an\u0131s\u0131na hay\u0131r d\u00fczenlenen Beya\u011fa\u00e7 Belediye Ba\u015fkan\u0131 Sezayi P\u00fct\u00fcn, \u00f6\u011frencilerin karne sevincine ortak oldu.<\/p>\n<p>Beya\u011fa\u00e7 Belediye Ba\u015fkan\u0131 P\u00fct\u00fcn\u2019\u00fcn kat\u0131l\u0131m\u0131yla, Kurban Bayram\u0131nda evinde ge\u00e7irdi\u011fi kaza sonucu hayat\u0131n\u0131 kaybeden Manisa B\u00fcy\u00fck\u015fehir Belediye Ba\u015fkan\u0131 Ferdi Zeyrek\u2019in hat\u0131ras\u0131na ithafen Beya\u011fa\u00e7 Belediyesi taraf\u0131ndan lokma hayr\u0131 d\u00fczenlendi.<\/p>\n<p>Belediye \u00f6n\u00fcnde d\u00fczenlenen hay\u0131rda vatanda\u015flara kendi eliyle lokma ikram eden Ba\u015fkan Sezayi P\u00fct\u00fcn, &#8220;Merhum Manisa B\u00fcy\u00fck\u015fehir Belediye Ba\u015fkan\u0131m\u0131z Ferdi Zeyrek\u2019e bir kez daha Allah\u2019tan rahmet diliyor; hayr\u0131m\u0131za kat\u0131larak dualar\u0131yla e\u015flik eden t\u00fcm hem\u015fehrilerimize te\u015fekk\u00fcr ediyoruz. Elim bir kaza sonucu hayat\u0131n\u0131 kaybeden Ba\u015fkan\u0131m\u0131z Ferdi Zeyrek, sonsuza dek kalbimizde ya\u015famaya devam edecek&#8221; dedi.<\/p>\n<p>Beya\u011fa\u00e7 Belediye Ba\u015fkan\u0131 Sezayi P\u00fct\u00fcn, lokma hayr\u0131n\u0131n ard\u0131ndan 2024-2025 e\u011fitim \u00f6\u011fretim y\u0131l\u0131n\u0131n son g\u00fcn\u00fcnde Kapuz \u015eehit Halil \u0130brahim Ar\u0131l\u0131k \u0130lkokulu\u2019nda d\u00fczenlenen karne t\u00f6reninde, \u00f6\u011frencilerin sevincine ortak oldu.<br \/>\n<br \/>\u0130l\u00e7e Milli E\u011fitim M\u00fcd\u00fcr\u00fc Osman Duran ile birlikte minklere karnelerini takdim eden Ba\u015fkan P\u00fct\u00fcn, &#8220;T\u00fcm \u00f6\u011frencilerimizi, \u00f6\u011fretmenlerimizi ve velilerimizi emekleri ve gayretleri i\u00e7in y\u00fcrekten kutluyor; sa\u011fl\u0131k, ba\u015far\u0131 ve mutluluk dolu nice e\u011fitim y\u0131llar\u0131 diliyoruz&#8221; diye konu\u015ftu.<br \/><\/p>\n","protected":false},"excerpt":{"rendered":"<p>DEN\u0130ZL\u0130 (\u0130HA) \u2013 Evinde ge\u00e7irdi\u011fi kaza sonucu hayat\u0131n\u0131 kaybeden Manisa B\u00fcy\u00fck\u015fehir Belediye Ba\u015fkan\u0131 Ferdi Zeyrek an\u0131s\u0131na hay\u0131r d\u00fczenlenen Beya\u011fa\u00e7 Belediye Ba\u015fkan\u0131 Sezayi P\u00fct\u00fcn, \u00f6\u011frencilerin karne sevincine ortak oldu. Beya\u011fa\u00e7 Belediye Ba\u015fkan\u0131 P\u00fct\u00fcn\u2019\u00fcn kat\u0131l\u0131m\u0131yla, Kurban Bayram\u0131nda evinde ge\u00e7irdi\u011fi kaza sonucu hayat\u0131n\u0131 kaybeden Manisa B\u00fcy\u00fck\u015fehir Belediye Ba\u015fkan\u0131 Ferdi Zeyrek\u2019in hat\u0131ras\u0131na ithafen Beya\u011fa\u00e7 Belediyesi taraf\u0131ndan lokma hayr\u0131 d\u00fczenlendi&#8230;.<\/p>\n","protected":false},"author":1,"featured_media":36582,"comment_status":"open","ping_status":"open","sticky":false,"template":"","format":"standard","meta":{"_crdt_document":"","footnotes":""},"categories":[123],"tags":[],"class_list":["post-36581","post","type-post","status-publish","format-standard","has-post-thumbnail","hentry","category-gundem"],"_links":{"self":[{"href":"https:\/\/www.egemtv.com\/index.php?rest_route=\/wp\/v2\/posts\/36581","targetHints":{"allow":["GET"]}}],"collection":[{"href":"https:\/\/www.egemtv.com\/index.php?rest_route=\/wp\/v2\/posts"}],"about":[{"href":"https:\/\/www.egemtv.com\/index.php?rest_route=\/wp\/v2\/types\/post"}],"author":[{"embeddable":true,"href":"https:\/\/www.egemtv.com\/index.php?rest_route=\/wp\/v2\/users\/1"}],"replies":[{"embeddable":true,"href":"https:\/\/www.egemtv.com\/index.php?rest_route=%2Fwp%2Fv2%2Fcomments&post=36581"}],"version-history":[{"count":1,"href":"https:\/\/www.egemtv.com\/index.php?rest_route=\/wp\/v2\/posts\/36581\/revisions"}],"predecessor-version":[{"id":36583,"href":"https:\/\/www.egemtv.com\/index.php?rest_route=\/wp\/v2\/posts\/36581\/revisions\/36583"}],"wp:featuredmedia":[{"embeddable":true,"href":"https:\/\/www.egemtv.com\/index.php?rest_route=\/wp\/v2\/media\/36582"}],"wp:attachment":[{"href":"https:\/\/www.egemtv.com\/index.php?rest_route=%2Fwp%2Fv2%2Fmedia&parent=36581"}],"wp:term":[{"taxonomy":"category","embeddable":true,"href":"https:\/\/www.egemtv.com\/index.php?rest_route=%2Fwp%2Fv2%2Fcategories&post=36581"},{"taxonomy":"post_tag","embeddable":true,"href":"https:\/\/www.egemtv.com\/index.php?rest_route=%2Fwp%2Fv2%2Ftags&post=36581"}],"curies":[{"name":"wp","href":"https:\/\/api.w.org\/{rel}","templated":true}]}}