{"id":36578,"date":"2025-06-20T16:36:44","date_gmt":"2025-06-20T13:36:44","guid":{"rendered":"https:\/\/www.egemtv.com\/?p=36578"},"modified":"2025-06-20T16:36:48","modified_gmt":"2025-06-20T13:36:48","slug":"saman-balyali-karne-hatirasi-panosu","status":"publish","type":"post","link":"https:\/\/www.egemtv.com\/?p=36578","title":{"rendered":"Saman balyal\u0131 karne hat\u0131ras\u0131 panosu"},"content":{"rendered":"<p>K\u00fctahya\u2019n\u0131n Hisarc\u0131k il\u00e7esi Cumhuriyet \u0130lkokulunda 2024-2025 e\u011fitim \u00f6\u011fretim y\u0131l\u0131n\u0131n sona ermesi nedeniyle \u00f6\u011frencilerin karne heyecan\u0131n\u0131 \u00f6l\u00fcms\u00fczle\u015ftirmeleri amac\u0131yla haz\u0131rlanan karne hat\u0131ras\u0131 panosu \u00f6n\u00fcndeki saman balyalar\u0131 velilerden b\u00fcy\u00fck ilgi g\u00f6rd\u00fc.<br \/>\n<br \/>Okul bah\u00e7esinde haz\u0131rlanan karne hat\u0131ras\u0131 panosu \u00f6n\u00fcne hasat zaman\u0131 olmas\u0131 nedeniyle okul idaresi taraf\u0131ndan iki balya saman konuldu. G\u00fcl\u00fcmseten saman balyal\u0131 karne hat\u0131ras\u0131 panosu \u00e7ocuklar\u0131yla resim \u00e7ektirmek isteyen velilerin ak\u0131n\u0131na u\u011frad\u0131.<br \/><\/p>\n","protected":false},"excerpt":{"rendered":"<p>K\u00fctahya\u2019n\u0131n Hisarc\u0131k il\u00e7esi Cumhuriyet \u0130lkokulunda 2024-2025 e\u011fitim \u00f6\u011fretim y\u0131l\u0131n\u0131n sona ermesi nedeniyle \u00f6\u011frencilerin karne heyecan\u0131n\u0131 \u00f6l\u00fcms\u00fczle\u015ftirmeleri amac\u0131yla haz\u0131rlanan karne hat\u0131ras\u0131 panosu \u00f6n\u00fcndeki saman balyalar\u0131 velilerden b\u00fcy\u00fck ilgi g\u00f6rd\u00fc. Okul bah\u00e7esinde haz\u0131rlanan karne hat\u0131ras\u0131 panosu \u00f6n\u00fcne hasat zaman\u0131 olmas\u0131 nedeniyle okul idaresi taraf\u0131ndan iki balya saman konuldu. G\u00fcl\u00fcmseten saman balyal\u0131 karne hat\u0131ras\u0131 panosu \u00e7ocuklar\u0131yla resim \u00e7ektirmek&#8230;<\/p>\n","protected":false},"author":1,"featured_media":36579,"comment_status":"open","ping_status":"open","sticky":false,"template":"","format":"standard","meta":{"_crdt_document":"","footnotes":""},"categories":[1],"tags":[],"class_list":["post-36578","post","type-post","status-publish","format-standard","has-post-thumbnail","hentry","category-guncel"],"_links":{"self":[{"href":"https:\/\/www.egemtv.com\/index.php?rest_route=\/wp\/v2\/posts\/36578","targetHints":{"allow":["GET"]}}],"collection":[{"href":"https:\/\/www.egemtv.com\/index.php?rest_route=\/wp\/v2\/posts"}],"about":[{"href":"https:\/\/www.egemtv.com\/index.php?rest_route=\/wp\/v2\/types\/post"}],"author":[{"embeddable":true,"href":"https:\/\/www.egemtv.com\/index.php?rest_route=\/wp\/v2\/users\/1"}],"replies":[{"embeddable":true,"href":"https:\/\/www.egemtv.com\/index.php?rest_route=%2Fwp%2Fv2%2Fcomments&post=36578"}],"version-history":[{"count":1,"href":"https:\/\/www.egemtv.com\/index.php?rest_route=\/wp\/v2\/posts\/36578\/revisions"}],"predecessor-version":[{"id":36580,"href":"https:\/\/www.egemtv.com\/index.php?rest_route=\/wp\/v2\/posts\/36578\/revisions\/36580"}],"wp:featuredmedia":[{"embeddable":true,"href":"https:\/\/www.egemtv.com\/index.php?rest_route=\/wp\/v2\/media\/36579"}],"wp:attachment":[{"href":"https:\/\/www.egemtv.com\/index.php?rest_route=%2Fwp%2Fv2%2Fmedia&parent=36578"}],"wp:term":[{"taxonomy":"category","embeddable":true,"href":"https:\/\/www.egemtv.com\/index.php?rest_route=%2Fwp%2Fv2%2Fcategories&post=36578"},{"taxonomy":"post_tag","embeddable":true,"href":"https:\/\/www.egemtv.com\/index.php?rest_route=%2Fwp%2Fv2%2Ftags&post=36578"}],"curies":[{"name":"wp","href":"https:\/\/api.w.org\/{rel}","templated":true}]}}