{"id":36575,"date":"2025-06-20T16:36:36","date_gmt":"2025-06-20T13:36:36","guid":{"rendered":"https:\/\/www.egemtv.com\/?p=36575"},"modified":"2025-06-20T16:36:44","modified_gmt":"2025-06-20T13:36:44","slug":"126-kilogram-insan-yiyen-uyusturucu-izmirde-ele-gecirildi","status":"publish","type":"post","link":"https:\/\/www.egemtv.com\/?p=36575","title":{"rendered":"126 kilogram \u2019insan yiyen\u2019 uyu\u015fturucu, \u0130zmir\u2019de ele ge\u00e7irildi"},"content":{"rendered":"<p>\u0130zmir\u2019in Konak il\u00e7esinde, halk aras\u0131nda \u2019insan yiyen uyu\u015fturucu\u2019 olarak bilinen 126 kilogram bonzai ele ge\u00e7irildi. Olayla ilgili 2 ki\u015finin g\u00f6zalt\u0131na al\u0131nd\u0131\u011f\u0131 operasyon an\u0131, \u0130\u00e7i\u015fleri Bakan\u0131 Ali Yerlikaya\u2019n\u0131n sosyal medya hesab\u0131ndan payla\u015f\u0131ld\u0131.<br \/>\n<br \/>\u0130zmir Cumhuriyet Ba\u015fsavc\u0131l\u0131\u011f\u0131\u2019n\u0131n koordinesinde, Narkotik Su\u00e7larla M\u00fccadele \u015eube M\u00fcd\u00fcrl\u00fc\u011f\u00fc ekipleri, Konak il\u00e7esinde bir adrese nefes kesen operasyon d\u00fczenledi. Adrese yap\u0131lan bask\u0131nda, tam 126 kilo 100 gram bonzai ele ge\u00e7irildi. Sadece bir gram\u0131 bile \u00f6l\u00fcmc\u00fcl etkiler olu\u015fturabilen, halk aras\u0131nda &#8220;insan yiyen uyu\u015fturucu&#8221; olarak bilinen bonzai operasyonuyla ilgili  H.D. ve B.E. isimli \u015f\u00fcpheliler g\u00f6zalt\u0131na al\u0131nd\u0131.<br \/>\n<br \/>Bir eve ger\u00e7ekle\u015ftirilen ve y\u00fckl\u00fc miktarda bonzainin yakaland\u0131\u011f\u0131 operasyon an\u0131 ise \u0130\u00e7i\u015fleri Bakan\u0131 Ali Yerlikaya\u2019n\u0131n sosyal medya hesab\u0131ndan payla\u015f\u0131ld\u0131.<br \/><\/p>\n","protected":false},"excerpt":{"rendered":"<p>\u0130zmir\u2019in Konak il\u00e7esinde, halk aras\u0131nda \u2019insan yiyen uyu\u015fturucu\u2019 olarak bilinen 126 kilogram bonzai ele ge\u00e7irildi. Olayla ilgili 2 ki\u015finin g\u00f6zalt\u0131na al\u0131nd\u0131\u011f\u0131 operasyon an\u0131, \u0130\u00e7i\u015fleri Bakan\u0131 Ali Yerlikaya\u2019n\u0131n sosyal medya hesab\u0131ndan payla\u015f\u0131ld\u0131. \u0130zmir Cumhuriyet Ba\u015fsavc\u0131l\u0131\u011f\u0131\u2019n\u0131n koordinesinde, Narkotik Su\u00e7larla M\u00fccadele \u015eube M\u00fcd\u00fcrl\u00fc\u011f\u00fc ekipleri, Konak il\u00e7esinde bir adrese nefes kesen operasyon d\u00fczenledi. Adrese yap\u0131lan bask\u0131nda, tam 126 kilo&#8230;<\/p>\n","protected":false},"author":1,"featured_media":36576,"comment_status":"open","ping_status":"open","sticky":false,"template":"","format":"standard","meta":{"_crdt_document":"","footnotes":""},"categories":[5],"tags":[],"class_list":["post-36575","post","type-post","status-publish","format-standard","has-post-thumbnail","hentry","category-asayis"],"_links":{"self":[{"href":"https:\/\/www.egemtv.com\/index.php?rest_route=\/wp\/v2\/posts\/36575","targetHints":{"allow":["GET"]}}],"collection":[{"href":"https:\/\/www.egemtv.com\/index.php?rest_route=\/wp\/v2\/posts"}],"about":[{"href":"https:\/\/www.egemtv.com\/index.php?rest_route=\/wp\/v2\/types\/post"}],"author":[{"embeddable":true,"href":"https:\/\/www.egemtv.com\/index.php?rest_route=\/wp\/v2\/users\/1"}],"replies":[{"embeddable":true,"href":"https:\/\/www.egemtv.com\/index.php?rest_route=%2Fwp%2Fv2%2Fcomments&post=36575"}],"version-history":[{"count":1,"href":"https:\/\/www.egemtv.com\/index.php?rest_route=\/wp\/v2\/posts\/36575\/revisions"}],"predecessor-version":[{"id":36577,"href":"https:\/\/www.egemtv.com\/index.php?rest_route=\/wp\/v2\/posts\/36575\/revisions\/36577"}],"wp:featuredmedia":[{"embeddable":true,"href":"https:\/\/www.egemtv.com\/index.php?rest_route=\/wp\/v2\/media\/36576"}],"wp:attachment":[{"href":"https:\/\/www.egemtv.com\/index.php?rest_route=%2Fwp%2Fv2%2Fmedia&parent=36575"}],"wp:term":[{"taxonomy":"category","embeddable":true,"href":"https:\/\/www.egemtv.com\/index.php?rest_route=%2Fwp%2Fv2%2Fcategories&post=36575"},{"taxonomy":"post_tag","embeddable":true,"href":"https:\/\/www.egemtv.com\/index.php?rest_route=%2Fwp%2Fv2%2Ftags&post=36575"}],"curies":[{"name":"wp","href":"https:\/\/api.w.org\/{rel}","templated":true}]}}