{"id":36497,"date":"2025-06-20T13:17:55","date_gmt":"2025-06-20T10:17:55","guid":{"rendered":"https:\/\/www.egemtv.com\/?p=36497"},"modified":"2025-06-20T13:18:00","modified_gmt":"2025-06-20T10:18:00","slug":"vakiflar-bolge-mudurlugunden-kursunlu-camiine-tente","status":"publish","type":"post","link":"https:\/\/www.egemtv.com\/?p=36497","title":{"rendered":"Vak\u0131flar B\u00f6lge M\u00fcd\u00fcrl\u00fc\u011f\u00fcnden Kur\u015funlu Camii\u2019ne tente"},"content":{"rendered":"<p>Mu\u011fla\u2019n\u0131n Mente\u015fe il\u00e7esi Kur\u015funlu Camiinde Mente\u015fe Belediyesi taraf\u0131ndan cemaatin talebi sonras\u0131 tak\u0131lan tentelerin Vak\u0131flar itiraz\u0131 sonras\u0131 s\u00f6k\u00fclmesinin ard\u0131ndan Vak\u0131flar B\u00f6lge M\u00fcd\u00fcrl\u00fc\u011f\u00fc kendi tentesini monte etti.<br \/>\n<br \/>K\u00fclt\u00fcr Varl\u0131\u011f\u0131 olarak tescilli Kur\u015funcu Camii avlusuna cenaze namazlar\u0131nda yaz aylar\u0131nda s\u0131caktan, k\u0131\u015f aylar\u0131nda ise ya\u011fmurdan koruyacak tente talebinde bulunan cami cemaatinin talebini Mente\u015fe Belediyesi yerine getirmi\u015fti. Vak\u0131flar B\u00f6lge M\u00fcd\u00fcrl\u00fc\u011f\u00fc Mente\u015fe Belediyesi taraf\u0131ndan portatif kurulan tentenin kuruldu\u011fu alan\u0131n Vak\u0131flar B\u00f6lge M\u00fcd\u00fcrl\u00fc\u011f\u00fc sorumluluk alan\u0131nda olmas\u0131 nedeniyle Belediyeye yaz\u0131 g\u00f6ndererek tentenin s\u00f6k\u00fclmesini istedi. Belediyle ekipleri tenteyi cami d\u0131\u015f\u0131na ta\u015f\u0131d\u0131.<br \/>\n<br \/>Vak\u0131flar B\u00f6lge M\u00fcd\u00fcrl\u00fc\u011f\u00fc kendi sorumluluk alan\u0131na ya\u011fmur ve s\u0131caktan koruyacak \u015fekilde yeni tente monte etti.<br \/><\/p>\n","protected":false},"excerpt":{"rendered":"<p>Mu\u011fla\u2019n\u0131n Mente\u015fe il\u00e7esi Kur\u015funlu Camiinde Mente\u015fe Belediyesi taraf\u0131ndan cemaatin talebi sonras\u0131 tak\u0131lan tentelerin Vak\u0131flar itiraz\u0131 sonras\u0131 s\u00f6k\u00fclmesinin ard\u0131ndan Vak\u0131flar B\u00f6lge M\u00fcd\u00fcrl\u00fc\u011f\u00fc kendi tentesini monte etti. K\u00fclt\u00fcr Varl\u0131\u011f\u0131 olarak tescilli Kur\u015funcu Camii avlusuna cenaze namazlar\u0131nda yaz aylar\u0131nda s\u0131caktan, k\u0131\u015f aylar\u0131nda ise ya\u011fmurdan koruyacak tente talebinde bulunan cami cemaatinin talebini Mente\u015fe Belediyesi yerine getirmi\u015fti. Vak\u0131flar B\u00f6lge M\u00fcd\u00fcrl\u00fc\u011f\u00fc&#8230;<\/p>\n","protected":false},"author":1,"featured_media":36498,"comment_status":"open","ping_status":"open","sticky":false,"template":"","format":"standard","meta":{"_crdt_document":"","footnotes":""},"categories":[1],"tags":[],"class_list":["post-36497","post","type-post","status-publish","format-standard","has-post-thumbnail","hentry","category-guncel"],"_links":{"self":[{"href":"https:\/\/www.egemtv.com\/index.php?rest_route=\/wp\/v2\/posts\/36497","targetHints":{"allow":["GET"]}}],"collection":[{"href":"https:\/\/www.egemtv.com\/index.php?rest_route=\/wp\/v2\/posts"}],"about":[{"href":"https:\/\/www.egemtv.com\/index.php?rest_route=\/wp\/v2\/types\/post"}],"author":[{"embeddable":true,"href":"https:\/\/www.egemtv.com\/index.php?rest_route=\/wp\/v2\/users\/1"}],"replies":[{"embeddable":true,"href":"https:\/\/www.egemtv.com\/index.php?rest_route=%2Fwp%2Fv2%2Fcomments&post=36497"}],"version-history":[{"count":1,"href":"https:\/\/www.egemtv.com\/index.php?rest_route=\/wp\/v2\/posts\/36497\/revisions"}],"predecessor-version":[{"id":36499,"href":"https:\/\/www.egemtv.com\/index.php?rest_route=\/wp\/v2\/posts\/36497\/revisions\/36499"}],"wp:featuredmedia":[{"embeddable":true,"href":"https:\/\/www.egemtv.com\/index.php?rest_route=\/wp\/v2\/media\/36498"}],"wp:attachment":[{"href":"https:\/\/www.egemtv.com\/index.php?rest_route=%2Fwp%2Fv2%2Fmedia&parent=36497"}],"wp:term":[{"taxonomy":"category","embeddable":true,"href":"https:\/\/www.egemtv.com\/index.php?rest_route=%2Fwp%2Fv2%2Fcategories&post=36497"},{"taxonomy":"post_tag","embeddable":true,"href":"https:\/\/www.egemtv.com\/index.php?rest_route=%2Fwp%2Fv2%2Ftags&post=36497"}],"curies":[{"name":"wp","href":"https:\/\/api.w.org\/{rel}","templated":true}]}}