{"id":36494,"date":"2025-06-20T13:17:49","date_gmt":"2025-06-20T10:17:49","guid":{"rendered":"https:\/\/www.egemtv.com\/?p=36494"},"modified":"2025-06-20T13:17:55","modified_gmt":"2025-06-20T10:17:55","slug":"muglali-guresciler-sivastan-madalya-ile-dondu","status":"publish","type":"post","link":"https:\/\/www.egemtv.com\/?p=36494","title":{"rendered":"Mu\u011flal\u0131 g\u00fcre\u015f\u00e7iler Sivas\u2019tan madalya ile d\u00f6nd\u00fc"},"content":{"rendered":"<p>Sivas\u2019ta d\u00fczenlenen Minikler Grekoromen T\u00fcrkiye G\u00fcre\u015f \u015eampiyonas\u0131nda Mu\u011flal\u0131 g\u00fcre\u015f\u00e7iler \u00f6nemli bir ba\u015far\u0131ya daha imza att\u0131. Milas Mehmet G\u00fc\u00e7l\u00fc Sporcu E\u011fitim Merkezi ve Yata\u011fan\u2019dan \u015fampiyonaya kat\u0131lan sporcular, farkl\u0131 ya\u015f kategorilerinde toplam 2 alt\u0131n ve 10 bronz madalya kazanarak tak\u0131m halinde T\u00fcrkiye ikincisi oldu.<\/p>\n<p>Mu\u011fla\u2019y\u0131 gururla temsil eden sporcular, bireysel m\u00fccadelelerde g\u00f6sterdikleri performansla dikkat \u00e7ekerken, elde edilen puanlarla tak\u0131m klasman\u0131nda da k\u00fcrs\u00fcye \u00e7\u0131kmay\u0131 ba\u015fard\u0131. \u015eampiyonada sergilenen m\u00fccadele g\u00fcc\u00fc ve teknik ba\u015far\u0131, antren\u00f6rlerin uzun s\u00fcredir y\u00fcr\u00fctt\u00fc\u011f\u00fc sistemli \u00e7al\u0131\u015fman\u0131n meyvesi olarak de\u011ferlendirildi.<\/p>\n<p>12ya\u015f Kategorisinde Kategorisinde 27 kg  Semih Acan &#8211; 27 kg \u00c7a\u011fda\u015f \u00dcnal &#8211; T\u00fcrkiye 3.\u2019s\u00fc oldu. 12 Ya\u015f Kategorisinde 62 kg  Akif Kaya &#8211; T\u00fcrkiye 3.\u2019s\u00fc 62 kg Yusuf G\u00f6kdo\u011fan &#8211; T\u00fcrkiye 3.\u2019s\u00fc 78 kg  \u015eevki Okyay &#8211; T\u00fcrkiye 3.\u2019s\u00fc88 kg  Ahmet Efe Yaman &#8211; T\u00fcrkiye 3.\u2019s\u00fc 13 ya\u015f Kategorisinde (Tak\u0131m Halinde T\u00fcrkiye 2.\u2019si)41 kg Serhat Aysel &#8211; T\u00fcrkiye 3.\u2019s\u00fc48 kg \u00d6mer \u0130pek &#8211; T\u00fcrkiye 3.\u2019s\u00fc78 kg Egehan Babacan &#8211; T\u00fcrkiye 3.\u2019s\u00fc 88 kg  Ahmet Kocada\u011f &#8211; T\u00fcrkiye \u015eampiyonu 14 ya\u015f Kategorisinde 38 kg Mehti Babat &#8211; T\u00fcrkiye \u015eampiyonu ,41 kg Ya\u011f\u0131zalp Kara\u00e7or &#8211; T\u00fcrkiye 3.\u2019s\u00fc oldu.<\/p>\n<p>Mu\u011fla Gen\u00e7lik ve Spor \u0130l M\u00fcd\u00fcrl\u00fc\u011f\u00fc taraf\u0131ndan yap\u0131lan a\u00e7\u0131klamada, \u015fampiyonada g\u00f6sterilen ba\u015far\u0131dan dolay\u0131 b\u00fcy\u00fck gurur duyuldu\u011fu belirtilerek \u015fu ifadelere yer verildi:<br \/>\n<br \/>&#8220;Sporcular\u0131m\u0131z, antren\u00f6rlerinin rehberli\u011finde azim ve disiplinle \u00e7al\u0131\u015farak bu \u00f6nemli ba\u015far\u0131ya ula\u015ft\u0131lar. Ba\u015far\u0131da eme\u011fi ge\u00e7en t\u00fcm sporcular\u0131m\u0131z\u0131, antren\u00f6rlerimizi ve ailelerini kutluyor; Mu\u011fla\u2019m\u0131z\u0131n ad\u0131n\u0131 T\u00fcrkiye genelinde gururla duyuran g\u00fcre\u015f\u00e7ilerimizi tebrik ediyoruz. Bu ba\u015far\u0131, gelece\u011fin \u015fampiyonlar\u0131na ilham olacak niteliktedir.&#8221;<br \/><\/p>\n","protected":false},"excerpt":{"rendered":"<p>Sivas\u2019ta d\u00fczenlenen Minikler Grekoromen T\u00fcrkiye G\u00fcre\u015f \u015eampiyonas\u0131nda Mu\u011flal\u0131 g\u00fcre\u015f\u00e7iler \u00f6nemli bir ba\u015far\u0131ya daha imza att\u0131. Milas Mehmet G\u00fc\u00e7l\u00fc Sporcu E\u011fitim Merkezi ve Yata\u011fan\u2019dan \u015fampiyonaya kat\u0131lan sporcular, farkl\u0131 ya\u015f kategorilerinde toplam 2 alt\u0131n ve 10 bronz madalya kazanarak tak\u0131m halinde T\u00fcrkiye ikincisi oldu. Mu\u011fla\u2019y\u0131 gururla temsil eden sporcular, bireysel m\u00fccadelelerde g\u00f6sterdikleri performansla dikkat \u00e7ekerken, elde edilen&#8230;<\/p>\n","protected":false},"author":1,"featured_media":36495,"comment_status":"open","ping_status":"open","sticky":false,"template":"","format":"standard","meta":{"_crdt_document":"","footnotes":""},"categories":[4],"tags":[],"class_list":["post-36494","post","type-post","status-publish","format-standard","has-post-thumbnail","hentry","category-spor"],"_links":{"self":[{"href":"https:\/\/www.egemtv.com\/index.php?rest_route=\/wp\/v2\/posts\/36494","targetHints":{"allow":["GET"]}}],"collection":[{"href":"https:\/\/www.egemtv.com\/index.php?rest_route=\/wp\/v2\/posts"}],"about":[{"href":"https:\/\/www.egemtv.com\/index.php?rest_route=\/wp\/v2\/types\/post"}],"author":[{"embeddable":true,"href":"https:\/\/www.egemtv.com\/index.php?rest_route=\/wp\/v2\/users\/1"}],"replies":[{"embeddable":true,"href":"https:\/\/www.egemtv.com\/index.php?rest_route=%2Fwp%2Fv2%2Fcomments&post=36494"}],"version-history":[{"count":1,"href":"https:\/\/www.egemtv.com\/index.php?rest_route=\/wp\/v2\/posts\/36494\/revisions"}],"predecessor-version":[{"id":36496,"href":"https:\/\/www.egemtv.com\/index.php?rest_route=\/wp\/v2\/posts\/36494\/revisions\/36496"}],"wp:featuredmedia":[{"embeddable":true,"href":"https:\/\/www.egemtv.com\/index.php?rest_route=\/wp\/v2\/media\/36495"}],"wp:attachment":[{"href":"https:\/\/www.egemtv.com\/index.php?rest_route=%2Fwp%2Fv2%2Fmedia&parent=36494"}],"wp:term":[{"taxonomy":"category","embeddable":true,"href":"https:\/\/www.egemtv.com\/index.php?rest_route=%2Fwp%2Fv2%2Fcategories&post=36494"},{"taxonomy":"post_tag","embeddable":true,"href":"https:\/\/www.egemtv.com\/index.php?rest_route=%2Fwp%2Fv2%2Ftags&post=36494"}],"curies":[{"name":"wp","href":"https:\/\/api.w.org\/{rel}","templated":true}]}}