{"id":36491,"date":"2025-06-20T13:17:44","date_gmt":"2025-06-20T10:17:44","guid":{"rendered":"https:\/\/www.egemtv.com\/?p=36491"},"modified":"2025-06-20T13:17:49","modified_gmt":"2025-06-20T10:17:49","slug":"afyonkarahisarin-mermer-ve-dogaltas-ihracatinin-acilan-fuar-ile-artmasi-bekleniyor","status":"publish","type":"post","link":"https:\/\/www.egemtv.com\/?p=36491","title":{"rendered":"Afyonkarahisar\u2019\u0131n mermer ve do\u011falta\u015f ihracat\u0131n\u0131n a\u00e7\u0131lan fuar ile artmas\u0131 bekleniyor"},"content":{"rendered":"<p>Afyonkarahisar\u2019da a\u00e7\u0131lan Blok Mermer Fuar\u0131\u2019n\u0131n y\u0131ll\u0131k yakla\u015f\u0131k 300 milyon dolar olan kentin mermer ve do\u011falta\u015f ihracat\u0131n\u0131 \u00f6n\u00fcm\u00fczdeki y\u0131llarda y\u00fczde 20 seviyelerinde artt\u0131rmas\u0131 \u00f6ng\u00f6r\u00fcl\u00fcyor.<br \/>\n<br \/>Afyonkarahisar Valili\u011fi destekleri ile ge\u00e7ti\u011fimiz 18 Haziran\u2019da a\u00e7\u0131lan Afyonkarahisar Blok Mermer Fuar\u0131 devam ediyor. Aile ve Sosyal Hizmetler Bakan\u0131 Mahinur \u00d6zdemir G\u00f6kta\u015f\u2019\u0131n da ziyaret etti\u011fi ve 220\u2019ye yak\u0131n firman\u0131n kat\u0131ld\u0131\u011f\u0131 mermer fuar\u0131 ile ilgili de\u011ferlendirmelerde bulunan \u0130scehisar Mermerciler Derne\u011fi Ba\u015fkan\u0131 Remzi \u00d6zcan, fuar\u0131n kentin do\u011falta\u015f ticaretinin geli\u015fmesi noktas\u0131nda \u00f6nemli katk\u0131lar sa\u011flayaca\u011f\u0131n\u0131 dile getirdi. \u00d6zcan, &#8220;Afyon yakla\u015f\u0131k 2500 y\u0131ld\u0131r bu co\u011frafya da mermer ve do\u011falta\u015f \u00fcretimine devam ediyor. Onun i\u00e7in s\u00fcregelen hacminden ve \u00fcretim k\u00fclt\u00fcr\u00fcnden dolay\u0131 Afyon mermerin ba\u015fkenti. Bu fuarda valili\u011fin sa\u011flad\u0131\u011f\u0131 katk\u0131 gibi yerel destek \u00e7ok \u00f6nemliydi, in\u015fallah ba\u015fkentin \u00f6nemine yak\u0131\u015fan bir \u015fekilde kat\u0131l\u0131ml\u0131 bir fuar\u0131m\u0131z oldu. \u00c7ok mutluyuz, ciddi bir ziyaret\u00e7i say\u0131m\u0131z oldu, bununla birlikte ticaretlerde oldu. \u0130n\u015fallah devam\u0131 da gelecektir diye d\u00fc\u015f\u00fcn\u00fcyorum&#8221; diye konu\u015ftu.<\/p>\n<p>&#8220;Fuar ile ticaret hacmi de olu\u015ftu&#8221;<br \/>\n<br \/>Fuara sadece T\u00fcrkiye\u2019den de\u011fil ayn\u0131 zamanda d\u00fcnyan\u0131n bir \u00e7ok \u00fclkesinden ziyaret\u00e7inin, firman\u0131n geldi\u011fini ifade eden \u00d6zcan, &#8220;T\u00fcrkiye\u2019den mermer ile u\u011fra\u015fan t\u00fcm kesimler burada. Bunun yan\u0131nda onlarca \u00fclkeden ziyaret\u00e7iler var. Hakikaten ticaret hacmi de olu\u015ftu. Onun i\u00e7in fuar\u0131m\u0131z y\u0131llarca ayakta kalacakt\u0131r. Afyon\u2019a ekonomi, tan\u0131t\u0131m ve k\u00fclt\u00fcrel ve sosyal anlamda katk\u0131 sa\u011flayacakt\u0131r&#8221; diye konu\u015ftu.<\/p>\n<p>&#8220;\u0130hracata y\u00fczde 15 ile 20 aras\u0131nda katk\u0131s\u0131n\u0131n olaca\u011f\u0131n\u0131 tahmin ediyorum&#8221;<br \/>\n<br \/>Kentin mermer ve do\u011falta\u015f alan\u0131nda 300 milyon dolarl\u0131k bir ticaret hacminin oldu\u011funa dikkat \u00e7eken ve fuar sayesinde bu rakam\u0131n ilerleyen y\u0131llarda artaca\u011f\u0131na dikkat \u00e7eken \u00d6zcan \u015funlar\u0131 s\u00f6yledi:<br \/>\n<br \/>&#8220;Verilere bakt\u0131\u011f\u0131m\u0131zda bu rakam \u00f6nemli bir rakam ve k\u0131smet olursa bu fuar\u0131n ihracata y\u00fczde 15 ile 20 aras\u0131nda katk\u0131s\u0131n\u0131n olaca\u011f\u0131n\u0131 tahmin ediyorum.&#8221;<br \/>\n<br \/>\u00d6te yandan, fuar\u0131n 21 Haziran Cumartesi g\u00fcn\u00fcne kadar a\u00e7\u0131k kalaca\u011f\u0131 belirtilirken, ayn\u0131 zamanda fuar alan\u0131nda Afyonkarahisar Valili\u011fi taraf\u0131ndan a\u00e7\u0131lan stant ile de kentin tan\u0131t\u0131m\u0131 ger\u00e7ekle\u015ftiriliyor.<br \/><\/p>\n","protected":false},"excerpt":{"rendered":"<p>Afyonkarahisar\u2019da a\u00e7\u0131lan Blok Mermer Fuar\u0131\u2019n\u0131n y\u0131ll\u0131k yakla\u015f\u0131k 300 milyon dolar olan kentin mermer ve do\u011falta\u015f ihracat\u0131n\u0131 \u00f6n\u00fcm\u00fczdeki y\u0131llarda y\u00fczde 20 seviyelerinde artt\u0131rmas\u0131 \u00f6ng\u00f6r\u00fcl\u00fcyor. Afyonkarahisar Valili\u011fi destekleri ile ge\u00e7ti\u011fimiz 18 Haziran\u2019da a\u00e7\u0131lan Afyonkarahisar Blok Mermer Fuar\u0131 devam ediyor. Aile ve Sosyal Hizmetler Bakan\u0131 Mahinur \u00d6zdemir G\u00f6kta\u015f\u2019\u0131n da ziyaret etti\u011fi ve 220\u2019ye yak\u0131n firman\u0131n kat\u0131ld\u0131\u011f\u0131 mermer fuar\u0131&#8230;<\/p>\n","protected":false},"author":1,"featured_media":36492,"comment_status":"open","ping_status":"open","sticky":false,"template":"","format":"standard","meta":{"_crdt_document":"","footnotes":""},"categories":[125],"tags":[],"class_list":["post-36491","post","type-post","status-publish","format-standard","has-post-thumbnail","hentry","category-ekonomi"],"_links":{"self":[{"href":"https:\/\/www.egemtv.com\/index.php?rest_route=\/wp\/v2\/posts\/36491","targetHints":{"allow":["GET"]}}],"collection":[{"href":"https:\/\/www.egemtv.com\/index.php?rest_route=\/wp\/v2\/posts"}],"about":[{"href":"https:\/\/www.egemtv.com\/index.php?rest_route=\/wp\/v2\/types\/post"}],"author":[{"embeddable":true,"href":"https:\/\/www.egemtv.com\/index.php?rest_route=\/wp\/v2\/users\/1"}],"replies":[{"embeddable":true,"href":"https:\/\/www.egemtv.com\/index.php?rest_route=%2Fwp%2Fv2%2Fcomments&post=36491"}],"version-history":[{"count":1,"href":"https:\/\/www.egemtv.com\/index.php?rest_route=\/wp\/v2\/posts\/36491\/revisions"}],"predecessor-version":[{"id":36493,"href":"https:\/\/www.egemtv.com\/index.php?rest_route=\/wp\/v2\/posts\/36491\/revisions\/36493"}],"wp:featuredmedia":[{"embeddable":true,"href":"https:\/\/www.egemtv.com\/index.php?rest_route=\/wp\/v2\/media\/36492"}],"wp:attachment":[{"href":"https:\/\/www.egemtv.com\/index.php?rest_route=%2Fwp%2Fv2%2Fmedia&parent=36491"}],"wp:term":[{"taxonomy":"category","embeddable":true,"href":"https:\/\/www.egemtv.com\/index.php?rest_route=%2Fwp%2Fv2%2Fcategories&post=36491"},{"taxonomy":"post_tag","embeddable":true,"href":"https:\/\/www.egemtv.com\/index.php?rest_route=%2Fwp%2Fv2%2Ftags&post=36491"}],"curies":[{"name":"wp","href":"https:\/\/api.w.org\/{rel}","templated":true}]}}