{"id":36488,"date":"2025-06-20T12:57:04","date_gmt":"2025-06-20T09:57:04","guid":{"rendered":"https:\/\/www.egemtv.com\/?p=36488"},"modified":"2025-06-20T12:57:09","modified_gmt":"2025-06-20T09:57:09","slug":"denizli-osbde-endustride-buhar-sistemleri-semineri-verildi","status":"publish","type":"post","link":"https:\/\/www.egemtv.com\/?p=36488","title":{"rendered":"Denizli OSB\u2019de End\u00fcstride Buhar Sistemleri semineri verildi"},"content":{"rendered":"<p>Denizli Organize Sanayi B\u00f6lgesi (OSB) M\u00fcd\u00fcrl\u00fc\u011f\u00fc ve Erhas M\u00fchendislik i\u015fbirli\u011fi ile &#8220;End\u00fcstride Buhar Sistemleri&#8221; konulu seminer OSB Konferans Salonu\u2019nda ger\u00e7ekle\u015fti.<\/p>\n<p>B\u00f6lgede yer alan firmalar\u0131n temsilcilerinin ve sanayicilerin kat\u0131l\u0131m g\u00f6sterdi\u011fi seminerde Erhas M\u00fchendislik firmas\u0131ndan Makine M\u00fchendisleri Ahmet Demirak\u00e7a ve Ali Berk Kaya, kat\u0131l\u0131mc\u0131lara ger\u00e7ekle\u015ftirdikleri sunumlarla end\u00fcstride buhar sistemlerine dair kapsaml\u0131 bilgiler payla\u015ft\u0131.<br \/>\n<br \/>Seminer kapsam\u0131nda; buhar tesisatlar\u0131n\u0131n tasar\u0131m\u0131, verimlilik art\u0131r\u0131c\u0131 uygulamalar, bak\u0131m s\u00fcre\u00e7leri ve enerji tasarrufu gibi konular ele al\u0131n\u0131rken, kat\u0131l\u0131mc\u0131lara sekt\u00f6rel bilgi birikimini art\u0131rma imk\u00e2n\u0131 sunuldu. Seminer boyunca hem teknik detaylara hem de uygulama \u00f6rneklerine yer verilerek, kat\u0131l\u0131mc\u0131lar\u0131n sahada kar\u015f\u0131la\u015ft\u0131klar\u0131 sorunlara y\u00f6nelik \u00e7\u00f6z\u00fcmler aktar\u0131ld\u0131.<\/p>\n<p>Alan\u0131nda uzman m\u00fchendislerin sunumlar\u0131yla zenginle\u015fen etkinlik, ayn\u0131 zamanda firmalar aras\u0131nda teknik bilgi payla\u015f\u0131m\u0131n\u0131 da te\u015fvik etti.<br \/><\/p>\n","protected":false},"excerpt":{"rendered":"<p>Denizli Organize Sanayi B\u00f6lgesi (OSB) M\u00fcd\u00fcrl\u00fc\u011f\u00fc ve Erhas M\u00fchendislik i\u015fbirli\u011fi ile &#8220;End\u00fcstride Buhar Sistemleri&#8221; konulu seminer OSB Konferans Salonu\u2019nda ger\u00e7ekle\u015fti. B\u00f6lgede yer alan firmalar\u0131n temsilcilerinin ve sanayicilerin kat\u0131l\u0131m g\u00f6sterdi\u011fi seminerde Erhas M\u00fchendislik firmas\u0131ndan Makine M\u00fchendisleri Ahmet Demirak\u00e7a ve Ali Berk Kaya, kat\u0131l\u0131mc\u0131lara ger\u00e7ekle\u015ftirdikleri sunumlarla end\u00fcstride buhar sistemlerine dair kapsaml\u0131 bilgiler payla\u015ft\u0131. Seminer kapsam\u0131nda; buhar tesisatlar\u0131n\u0131n&#8230;<\/p>\n","protected":false},"author":1,"featured_media":36489,"comment_status":"open","ping_status":"open","sticky":false,"template":"","format":"standard","meta":{"_crdt_document":"","footnotes":""},"categories":[125],"tags":[],"class_list":["post-36488","post","type-post","status-publish","format-standard","has-post-thumbnail","hentry","category-ekonomi"],"_links":{"self":[{"href":"https:\/\/www.egemtv.com\/index.php?rest_route=\/wp\/v2\/posts\/36488","targetHints":{"allow":["GET"]}}],"collection":[{"href":"https:\/\/www.egemtv.com\/index.php?rest_route=\/wp\/v2\/posts"}],"about":[{"href":"https:\/\/www.egemtv.com\/index.php?rest_route=\/wp\/v2\/types\/post"}],"author":[{"embeddable":true,"href":"https:\/\/www.egemtv.com\/index.php?rest_route=\/wp\/v2\/users\/1"}],"replies":[{"embeddable":true,"href":"https:\/\/www.egemtv.com\/index.php?rest_route=%2Fwp%2Fv2%2Fcomments&post=36488"}],"version-history":[{"count":1,"href":"https:\/\/www.egemtv.com\/index.php?rest_route=\/wp\/v2\/posts\/36488\/revisions"}],"predecessor-version":[{"id":36490,"href":"https:\/\/www.egemtv.com\/index.php?rest_route=\/wp\/v2\/posts\/36488\/revisions\/36490"}],"wp:featuredmedia":[{"embeddable":true,"href":"https:\/\/www.egemtv.com\/index.php?rest_route=\/wp\/v2\/media\/36489"}],"wp:attachment":[{"href":"https:\/\/www.egemtv.com\/index.php?rest_route=%2Fwp%2Fv2%2Fmedia&parent=36488"}],"wp:term":[{"taxonomy":"category","embeddable":true,"href":"https:\/\/www.egemtv.com\/index.php?rest_route=%2Fwp%2Fv2%2Fcategories&post=36488"},{"taxonomy":"post_tag","embeddable":true,"href":"https:\/\/www.egemtv.com\/index.php?rest_route=%2Fwp%2Fv2%2Ftags&post=36488"}],"curies":[{"name":"wp","href":"https:\/\/api.w.org\/{rel}","templated":true}]}}