{"id":36110,"date":"2025-06-19T09:37:06","date_gmt":"2025-06-19T06:37:06","guid":{"rendered":"https:\/\/www.egemtv.com\/?p=36110"},"modified":"2025-06-19T09:37:09","modified_gmt":"2025-06-19T06:37:09","slug":"il-emniyet-muduru-aktastan-kulaya-ziyaret","status":"publish","type":"post","link":"https:\/\/www.egemtv.com\/?p=36110","title":{"rendered":"\u0130l Emniyet M\u00fcd\u00fcr\u00fc Akta\u015f\u2019tan Kula\u2019ya ziyaret"},"content":{"rendered":"<p>Manisa \u0130l Emniyet M\u00fcd\u00fcr\u00fc Fahri Akta\u015f, Kula \u0130l\u00e7e Emniyet M\u00fcd\u00fcrl\u00fc\u011f\u00fc\u2019n\u00fc ziyaret ederek hizmetlerle ilgili de\u011ferlendirmelerde bulundu. Manisa \u0130l Emniyet M\u00fcd\u00fcr\u00fc Akta\u015f \u00e7ar\u015f\u0131 esnaf\u0131n\u0131 da ziyaret etti.<br \/>\n<br \/>Ziyaret program\u0131 kapsam\u0131nda ilk olarak Kula \u0130l\u00e7e Emniyet M\u00fcd\u00fcrl\u00fc\u011f\u00fc\u2019n\u00fc ziyaret eden Manisa \u0130l Emniyet M\u00fcd\u00fcr\u00fc Fahri Akta\u015f, \u0130l\u00e7e Emniyet M\u00fcd\u00fcr\u00fc Secaattin Aktay ve personelle bir araya geldi. Ziyarette emniyet hizmetlerine dair de\u011ferlendirmelerde bulunan Akta\u015f, il\u00e7edeki g\u00fcvenlik durumu hakk\u0131nda bilgi alarak il\u00e7ede y\u00fcr\u00fct\u00fclen asayi\u015f \u00e7al\u0131\u015fmalar\u0131, trafik denetimleri ve genel g\u00fcvenlik uygulamalar\u0131 \u00fczerine g\u00f6r\u00fc\u015f al\u0131\u015fveri\u015finde bulunuldu. \u0130l Emniyet M\u00fcd\u00fcr\u00fc Fahri Akta\u015f, Emniyet M\u00fcd\u00fcrl\u00fc\u011f\u00fc ziyaretinin ard\u0131ndan il\u00e7e merkezindeki esnaflar\u0131 ziyaret etti. Esnaf ve vatanda\u015flarla sohbet eden Akta\u015f, gelen talep ve \u00f6nerilerini dinledi.<br \/>\n<br \/>Esnaf, ziyaretten duydu\u011fu memnuniyeti dile getirirken, \u0130l Emniyet M\u00fcd\u00fcr\u00fc Akta\u015f da toplum destekli polislik anlay\u0131\u015f\u0131yla halkla i\u00e7 i\u00e7e olmaya \u00f6nem verdiklerini ifade etti.<br \/><\/p>\n","protected":false},"excerpt":{"rendered":"<p>Manisa \u0130l Emniyet M\u00fcd\u00fcr\u00fc Fahri Akta\u015f, Kula \u0130l\u00e7e Emniyet M\u00fcd\u00fcrl\u00fc\u011f\u00fc\u2019n\u00fc ziyaret ederek hizmetlerle ilgili de\u011ferlendirmelerde bulundu. Manisa \u0130l Emniyet M\u00fcd\u00fcr\u00fc Akta\u015f \u00e7ar\u015f\u0131 esnaf\u0131n\u0131 da ziyaret etti. Ziyaret program\u0131 kapsam\u0131nda ilk olarak Kula \u0130l\u00e7e Emniyet M\u00fcd\u00fcrl\u00fc\u011f\u00fc\u2019n\u00fc ziyaret eden Manisa \u0130l Emniyet M\u00fcd\u00fcr\u00fc Fahri Akta\u015f, \u0130l\u00e7e Emniyet M\u00fcd\u00fcr\u00fc Secaattin Aktay ve personelle bir araya geldi. Ziyarette emniyet&#8230;<\/p>\n","protected":false},"author":1,"featured_media":36111,"comment_status":"open","ping_status":"open","sticky":false,"template":"","format":"standard","meta":{"_crdt_document":"","footnotes":""},"categories":[1],"tags":[],"class_list":["post-36110","post","type-post","status-publish","format-standard","has-post-thumbnail","hentry","category-guncel"],"_links":{"self":[{"href":"https:\/\/www.egemtv.com\/index.php?rest_route=\/wp\/v2\/posts\/36110","targetHints":{"allow":["GET"]}}],"collection":[{"href":"https:\/\/www.egemtv.com\/index.php?rest_route=\/wp\/v2\/posts"}],"about":[{"href":"https:\/\/www.egemtv.com\/index.php?rest_route=\/wp\/v2\/types\/post"}],"author":[{"embeddable":true,"href":"https:\/\/www.egemtv.com\/index.php?rest_route=\/wp\/v2\/users\/1"}],"replies":[{"embeddable":true,"href":"https:\/\/www.egemtv.com\/index.php?rest_route=%2Fwp%2Fv2%2Fcomments&post=36110"}],"version-history":[{"count":1,"href":"https:\/\/www.egemtv.com\/index.php?rest_route=\/wp\/v2\/posts\/36110\/revisions"}],"predecessor-version":[{"id":36112,"href":"https:\/\/www.egemtv.com\/index.php?rest_route=\/wp\/v2\/posts\/36110\/revisions\/36112"}],"wp:featuredmedia":[{"embeddable":true,"href":"https:\/\/www.egemtv.com\/index.php?rest_route=\/wp\/v2\/media\/36111"}],"wp:attachment":[{"href":"https:\/\/www.egemtv.com\/index.php?rest_route=%2Fwp%2Fv2%2Fmedia&parent=36110"}],"wp:term":[{"taxonomy":"category","embeddable":true,"href":"https:\/\/www.egemtv.com\/index.php?rest_route=%2Fwp%2Fv2%2Fcategories&post=36110"},{"taxonomy":"post_tag","embeddable":true,"href":"https:\/\/www.egemtv.com\/index.php?rest_route=%2Fwp%2Fv2%2Ftags&post=36110"}],"curies":[{"name":"wp","href":"https:\/\/api.w.org\/{rel}","templated":true}]}}