{"id":36107,"date":"2025-06-19T09:37:02","date_gmt":"2025-06-19T06:37:02","guid":{"rendered":"https:\/\/www.egemtv.com\/?p=36107"},"modified":"2025-06-19T09:37:06","modified_gmt":"2025-06-19T06:37:06","slug":"milas-kircagiz-mahallesinde-fosseptik-sorunu","status":"publish","type":"post","link":"https:\/\/www.egemtv.com\/?p=36107","title":{"rendered":"Milas K\u0131rca\u011f\u0131z Mahallesi\u2019nde fosseptik sorunu"},"content":{"rendered":"<p>T\u00fcrkiye\u2019nin en \u00f6nemli turizm \u015fehirlerinden biri olan Mu\u011fla\u2019da baz\u0131 b\u00f6lgelerde kanalizasyon alt yap\u0131s\u0131 olmamas\u0131 sorun olu\u015fturtmaya ba\u015flad\u0131. Milas \u0130l\u00e7esine ba\u011fl\u0131 K\u0131rca\u011f\u0131z Mahallesi kanalizasyon altyap\u0131s\u0131 olmad\u0131\u011f\u0131 i\u00e7in la\u011f\u0131m kokusu ile ya\u015famak zorunda kald\u0131. Milas Belediye Ba\u015fkan\u0131 Fevzi Topuz\u2019u\u0131n se\u00e7im d\u00f6neminde s\u00f6z verdi\u011fini belirten mahalle sakinleri Ba\u015fkan Topuz\u2019un s\u00f6z\u00fcn\u00fc tutmas\u0131n\u0131 istedi.<br \/>\n<br \/>Hem at\u0131k su \u00fccreti \u00f6dediklerini hem de altyap\u0131 olmad\u0131\u011f\u0131 i\u00e7in belediye hizmetlerinden faydalanamad\u0131klar\u0131n\u0131 belirten y\u00f6re sakinleri, &#8220;Belediye\u2019nin b\u00f6yle bir hizmeti yok. Ancak su faturas\u0131 \u00f6derken faturalar bu hizmet veriliyormu\u015f gibi kesiliyor. Sorunumuzun \u00e7\u00f6z\u00fcm\u00fc i\u00e7in Milas Belediye Ba\u015fkan\u0131 Fevzi Topuz, oy istemek i\u00e7in k\u00f6y\u00fcm\u00fcze geldi\u011finde s\u00f6z verdi. Se\u00e7im bitti, ba\u015fkan se\u00e7ildi verdi\u011fi s\u00f6zleri unuttu. Altyap\u0131 olmad\u0131\u011f\u0131 i\u00e7in dolan fosseptik \u00e7ukurlar\u0131n\u0131n bo\u015falt\u0131lmas\u0131 i\u00e7in talepte bulundu\u011fumuzda ciddi bir rakamla kar\u015f\u0131 kar\u015f\u0131ya kal\u0131yoruz. Mu\u011fla Su ve Kanalizasyon \u0130daresi (MUSK\u0130) taraf\u0131ndan sa\u011flanan vidanj\u00f6r hizmetlerinin pahal\u0131 olmas\u0131 nedeniyle bir\u00e7ok vatanda\u015f fossepti\u011fini \u00e7ektiremez hale geldi. Sonu\u00e7 olarak, dolup ta\u015fan fosseptik \u00e7ukurlar\u0131ndan s\u0131zan at\u0131k sular hem \u00e7evre kirlili\u011fine hem de dayan\u0131lmaz k\u00f6t\u00fc kokulara neden oluyor&#8221; diyerek sorunun \u00e7\u00f6z\u00fcm\u00fcn\u00fc istediler.<br \/><\/p>\n","protected":false},"excerpt":{"rendered":"<p>T\u00fcrkiye\u2019nin en \u00f6nemli turizm \u015fehirlerinden biri olan Mu\u011fla\u2019da baz\u0131 b\u00f6lgelerde kanalizasyon alt yap\u0131s\u0131 olmamas\u0131 sorun olu\u015fturtmaya ba\u015flad\u0131. Milas \u0130l\u00e7esine ba\u011fl\u0131 K\u0131rca\u011f\u0131z Mahallesi kanalizasyon altyap\u0131s\u0131 olmad\u0131\u011f\u0131 i\u00e7in la\u011f\u0131m kokusu ile ya\u015famak zorunda kald\u0131. Milas Belediye Ba\u015fkan\u0131 Fevzi Topuz\u2019u\u0131n se\u00e7im d\u00f6neminde s\u00f6z verdi\u011fini belirten mahalle sakinleri Ba\u015fkan Topuz\u2019un s\u00f6z\u00fcn\u00fc tutmas\u0131n\u0131 istedi. Hem at\u0131k su \u00fccreti \u00f6dediklerini hem&#8230;<\/p>\n","protected":false},"author":1,"featured_media":36108,"comment_status":"open","ping_status":"open","sticky":false,"template":"","format":"standard","meta":{"_crdt_document":"","footnotes":""},"categories":[1],"tags":[],"class_list":["post-36107","post","type-post","status-publish","format-standard","has-post-thumbnail","hentry","category-guncel"],"_links":{"self":[{"href":"https:\/\/www.egemtv.com\/index.php?rest_route=\/wp\/v2\/posts\/36107","targetHints":{"allow":["GET"]}}],"collection":[{"href":"https:\/\/www.egemtv.com\/index.php?rest_route=\/wp\/v2\/posts"}],"about":[{"href":"https:\/\/www.egemtv.com\/index.php?rest_route=\/wp\/v2\/types\/post"}],"author":[{"embeddable":true,"href":"https:\/\/www.egemtv.com\/index.php?rest_route=\/wp\/v2\/users\/1"}],"replies":[{"embeddable":true,"href":"https:\/\/www.egemtv.com\/index.php?rest_route=%2Fwp%2Fv2%2Fcomments&post=36107"}],"version-history":[{"count":1,"href":"https:\/\/www.egemtv.com\/index.php?rest_route=\/wp\/v2\/posts\/36107\/revisions"}],"predecessor-version":[{"id":36109,"href":"https:\/\/www.egemtv.com\/index.php?rest_route=\/wp\/v2\/posts\/36107\/revisions\/36109"}],"wp:featuredmedia":[{"embeddable":true,"href":"https:\/\/www.egemtv.com\/index.php?rest_route=\/wp\/v2\/media\/36108"}],"wp:attachment":[{"href":"https:\/\/www.egemtv.com\/index.php?rest_route=%2Fwp%2Fv2%2Fmedia&parent=36107"}],"wp:term":[{"taxonomy":"category","embeddable":true,"href":"https:\/\/www.egemtv.com\/index.php?rest_route=%2Fwp%2Fv2%2Fcategories&post=36107"},{"taxonomy":"post_tag","embeddable":true,"href":"https:\/\/www.egemtv.com\/index.php?rest_route=%2Fwp%2Fv2%2Ftags&post=36107"}],"curies":[{"name":"wp","href":"https:\/\/api.w.org\/{rel}","templated":true}]}}