{"id":36104,"date":"2025-06-19T09:36:58","date_gmt":"2025-06-19T06:36:58","guid":{"rendered":"https:\/\/www.egemtv.com\/?p=36104"},"modified":"2025-06-19T09:37:02","modified_gmt":"2025-06-19T06:37:02","slug":"usak-maarif-halk-danslari-toplulugu-sanatseverlerle-bulustu","status":"publish","type":"post","link":"https:\/\/www.egemtv.com\/?p=36104","title":{"rendered":"U\u015fak Maarif Halk Danslar\u0131 Toplulu\u011fu sanatseverlerle bulu\u015ftu"},"content":{"rendered":"<p>U\u015fak\u2019ta g\u00f6rev yapan \u00f6\u011fretmenlerden olu\u015fan \u2018U\u015fak Maarif Halk Danslar\u0131 Toplulu\u011fu\u2019 sanatseverlerle bulu\u015ftu.<\/p>\n<p>Milli E\u011fitim Bakanl\u0131\u011f\u0131 taraf\u0131ndan y\u00fcr\u00fct\u00fclen U\u015fak\u2019ta g\u00f6rev yapan \u00f6\u011fretmenlerden olu\u015fan Maarif Halk Danslar\u0131 Toplulu\u011fu Huzurpark Amfi Tiyatroda sanatseverle bulu\u015ftu. Programa, Vali Naci Akta\u015f ve e\u015fi Nagihan Akta\u015f, \u0130l Milli E\u011fitim M\u00fcd\u00fcr\u00fc Halil Y\u00fccel, \u0130l \u00d6zel \u0130dare Genel Sekreteri Sabri Ceylan, kurum m\u00fcd\u00fcrleri ve vatanda\u015flar kat\u0131ld\u0131.<\/p>\n<p>Program \u00f6ncesi konu\u015fma yapan \u0130l Milli E\u011fitim M\u00fcd\u00fcr\u00fc Halil Y\u00fccel; &#8220;\u00dclkemizin d\u00f6rt bir yan\u0131ndan derlenen oyunlar, bu anlaml\u0131 gelenek etraf\u0131nda kenetlenen milletimizin k\u00fclt\u00fcrel zenginli\u011fini g\u00f6zler \u00f6n\u00fcne serecektir. Bu k\u00fclt\u00fcrel mozai\u011fi sahneye ta\u015f\u0131yanlar ise bu miras\u0131 ya\u015fatan de\u011ferli \u00f6\u011fretmenlerimizdir.&#8221; dedi.<\/p>\n<p>Programda, Ruz-\u0131 H\u0131z\u0131r temas\u0131 ile T\u00fcrkiye\u2019nin farkl\u0131 t\u00fcr ve y\u00f6relerden \u00f6rneklerin sergilendi\u011fi g\u00f6steri vatanda\u015flardan b\u00fcy\u00fck be\u011feni toplad\u0131. Program belge takdimi ve hat\u0131ra foto\u011fraf\u0131 \u00e7ekimi sona erdi.<br \/><\/p>\n","protected":false},"excerpt":{"rendered":"<p>U\u015fak\u2019ta g\u00f6rev yapan \u00f6\u011fretmenlerden olu\u015fan \u2018U\u015fak Maarif Halk Danslar\u0131 Toplulu\u011fu\u2019 sanatseverlerle bulu\u015ftu. Milli E\u011fitim Bakanl\u0131\u011f\u0131 taraf\u0131ndan y\u00fcr\u00fct\u00fclen U\u015fak\u2019ta g\u00f6rev yapan \u00f6\u011fretmenlerden olu\u015fan Maarif Halk Danslar\u0131 Toplulu\u011fu Huzurpark Amfi Tiyatroda sanatseverle bulu\u015ftu. Programa, Vali Naci Akta\u015f ve e\u015fi Nagihan Akta\u015f, \u0130l Milli E\u011fitim M\u00fcd\u00fcr\u00fc Halil Y\u00fccel, \u0130l \u00d6zel \u0130dare Genel Sekreteri Sabri Ceylan, kurum m\u00fcd\u00fcrleri ve&#8230;<\/p>\n","protected":false},"author":1,"featured_media":36105,"comment_status":"open","ping_status":"open","sticky":false,"template":"","format":"standard","meta":{"_crdt_document":"","footnotes":""},"categories":[1],"tags":[],"class_list":["post-36104","post","type-post","status-publish","format-standard","has-post-thumbnail","hentry","category-guncel"],"_links":{"self":[{"href":"https:\/\/www.egemtv.com\/index.php?rest_route=\/wp\/v2\/posts\/36104","targetHints":{"allow":["GET"]}}],"collection":[{"href":"https:\/\/www.egemtv.com\/index.php?rest_route=\/wp\/v2\/posts"}],"about":[{"href":"https:\/\/www.egemtv.com\/index.php?rest_route=\/wp\/v2\/types\/post"}],"author":[{"embeddable":true,"href":"https:\/\/www.egemtv.com\/index.php?rest_route=\/wp\/v2\/users\/1"}],"replies":[{"embeddable":true,"href":"https:\/\/www.egemtv.com\/index.php?rest_route=%2Fwp%2Fv2%2Fcomments&post=36104"}],"version-history":[{"count":1,"href":"https:\/\/www.egemtv.com\/index.php?rest_route=\/wp\/v2\/posts\/36104\/revisions"}],"predecessor-version":[{"id":36106,"href":"https:\/\/www.egemtv.com\/index.php?rest_route=\/wp\/v2\/posts\/36104\/revisions\/36106"}],"wp:featuredmedia":[{"embeddable":true,"href":"https:\/\/www.egemtv.com\/index.php?rest_route=\/wp\/v2\/media\/36105"}],"wp:attachment":[{"href":"https:\/\/www.egemtv.com\/index.php?rest_route=%2Fwp%2Fv2%2Fmedia&parent=36104"}],"wp:term":[{"taxonomy":"category","embeddable":true,"href":"https:\/\/www.egemtv.com\/index.php?rest_route=%2Fwp%2Fv2%2Fcategories&post=36104"},{"taxonomy":"post_tag","embeddable":true,"href":"https:\/\/www.egemtv.com\/index.php?rest_route=%2Fwp%2Fv2%2Ftags&post=36104"}],"curies":[{"name":"wp","href":"https:\/\/api.w.org\/{rel}","templated":true}]}}