{"id":36101,"date":"2025-06-19T05:54:49","date_gmt":"2025-06-19T02:54:49","guid":{"rendered":"https:\/\/www.egemtv.com\/?p=36101"},"modified":"2025-06-19T05:54:53","modified_gmt":"2025-06-19T02:54:53","slug":"kutahyada-tahta-palet-uretimi-yapan-atolyede-yangin","status":"publish","type":"post","link":"https:\/\/www.egemtv.com\/?p=36101","title":{"rendered":"K\u00fctahya\u2019da tahta palet \u00fcretimi yapan at\u00f6lyede yang\u0131n"},"content":{"rendered":"<p>K\u00fctahya Keresteciler Sitesi\u2019nde bulunan bir tahta palet at\u00f6lyesinde \u00e7\u0131kan yang\u0131n, itfaiye ekiplerinin \u00e7al\u0131\u015fmas\u0131 sonucu kontrol alt\u0131na al\u0131nd\u0131. Yakla\u015f\u0131k bir saat s\u00fcren m\u00fcdahalenin ard\u0131ndan yang\u0131n tamamen s\u00f6nd\u00fcr\u00fcl\u00fcrken, at\u00f6lye kullan\u0131lamaz hale geldi.<br \/>\n<br \/>Al\u0131nan bilgiye g\u00f6re, Keresteciler Sitesi\u2019nde B.A.\u2019ya ait tahta palet \u00fcretim at\u00f6lyesinde hen\u00fcz belirlenemeyen bir nedenle yang\u0131n \u00e7\u0131kt\u0131. \u0130hbar\u0131 \u00fczerine b\u00f6lgeye \u00e7ok say\u0131da itfaiye ve polis ekibi sevk edildi.<br \/>\n<br \/>\u0130tfaiye ekiplerinin yo\u011fun \u00e7al\u0131\u015fmalar\u0131 sonucu yang\u0131n kontrol alt\u0131na al\u0131nd\u0131 ve s\u00f6nd\u00fcr\u00fcld\u00fc.<br \/>\n<br \/>Yang\u0131nda can kayb\u0131 ya\u015fanmazken, at\u00f6lyede b\u00fcy\u00fck \u00e7apta maddi hasar meydana geldi.<br \/><\/p>\n","protected":false},"excerpt":{"rendered":"<p>K\u00fctahya Keresteciler Sitesi\u2019nde bulunan bir tahta palet at\u00f6lyesinde \u00e7\u0131kan yang\u0131n, itfaiye ekiplerinin \u00e7al\u0131\u015fmas\u0131 sonucu kontrol alt\u0131na al\u0131nd\u0131. Yakla\u015f\u0131k bir saat s\u00fcren m\u00fcdahalenin ard\u0131ndan yang\u0131n tamamen s\u00f6nd\u00fcr\u00fcl\u00fcrken, at\u00f6lye kullan\u0131lamaz hale geldi. Al\u0131nan bilgiye g\u00f6re, Keresteciler Sitesi\u2019nde B.A.\u2019ya ait tahta palet \u00fcretim at\u00f6lyesinde hen\u00fcz belirlenemeyen bir nedenle yang\u0131n \u00e7\u0131kt\u0131. \u0130hbar\u0131 \u00fczerine b\u00f6lgeye \u00e7ok say\u0131da itfaiye ve polis&#8230;<\/p>\n","protected":false},"author":1,"featured_media":36102,"comment_status":"open","ping_status":"open","sticky":false,"template":"","format":"standard","meta":{"_crdt_document":"","footnotes":""},"categories":[5],"tags":[],"class_list":["post-36101","post","type-post","status-publish","format-standard","has-post-thumbnail","hentry","category-asayis"],"_links":{"self":[{"href":"https:\/\/www.egemtv.com\/index.php?rest_route=\/wp\/v2\/posts\/36101","targetHints":{"allow":["GET"]}}],"collection":[{"href":"https:\/\/www.egemtv.com\/index.php?rest_route=\/wp\/v2\/posts"}],"about":[{"href":"https:\/\/www.egemtv.com\/index.php?rest_route=\/wp\/v2\/types\/post"}],"author":[{"embeddable":true,"href":"https:\/\/www.egemtv.com\/index.php?rest_route=\/wp\/v2\/users\/1"}],"replies":[{"embeddable":true,"href":"https:\/\/www.egemtv.com\/index.php?rest_route=%2Fwp%2Fv2%2Fcomments&post=36101"}],"version-history":[{"count":1,"href":"https:\/\/www.egemtv.com\/index.php?rest_route=\/wp\/v2\/posts\/36101\/revisions"}],"predecessor-version":[{"id":36103,"href":"https:\/\/www.egemtv.com\/index.php?rest_route=\/wp\/v2\/posts\/36101\/revisions\/36103"}],"wp:featuredmedia":[{"embeddable":true,"href":"https:\/\/www.egemtv.com\/index.php?rest_route=\/wp\/v2\/media\/36102"}],"wp:attachment":[{"href":"https:\/\/www.egemtv.com\/index.php?rest_route=%2Fwp%2Fv2%2Fmedia&parent=36101"}],"wp:term":[{"taxonomy":"category","embeddable":true,"href":"https:\/\/www.egemtv.com\/index.php?rest_route=%2Fwp%2Fv2%2Fcategories&post=36101"},{"taxonomy":"post_tag","embeddable":true,"href":"https:\/\/www.egemtv.com\/index.php?rest_route=%2Fwp%2Fv2%2Ftags&post=36101"}],"curies":[{"name":"wp","href":"https:\/\/api.w.org\/{rel}","templated":true}]}}