{"id":36095,"date":"2025-06-18T22:36:48","date_gmt":"2025-06-18T19:36:48","guid":{"rendered":"https:\/\/www.egemtv.com\/?p=36095"},"modified":"2025-06-18T22:36:53","modified_gmt":"2025-06-18T19:36:53","slug":"milasta-otomobil-ile-motosiklet-carpisti-1-yarali","status":"publish","type":"post","link":"https:\/\/www.egemtv.com\/?p=36095","title":{"rendered":"Milas\u2019ta otomobil ile motosiklet \u00e7arp\u0131\u015ft\u0131: 1 yaral\u0131"},"content":{"rendered":"<p>Mu\u011fla\u2019n\u0131n Milas il\u00e7esinde otomobil ve motosikletin \u00e7arp\u0131\u015fmas\u0131 sonucu meydana gelen trafik kazas\u0131nda 1 ki\u015fi yaraland\u0131.<br \/>\n<br \/>Kaza, 19 May\u0131s Bulvar\u0131 \u00fczerinde meydana geldi. Edinilen bilgiye g\u00f6re, seyir halindeki otomobil ile motosikletin hen\u00fcz bilinmeyen bir nedenle \u00e7arp\u0131\u015fmas\u0131 sonucu savrulan motosikletten d\u00fc\u015fen s\u00fcr\u00fcc\u00fc yaraland\u0131. Kazay\u0131 g\u00f6ren vatanda\u015flar durumu 112 Acil \u00c7a\u011fr\u0131 Merkezi\u2019ne bildirdi. \u0130hbar \u00fczerine b\u00f6lgeye sa\u011fl\u0131k ve polis ekipleri sevk edildi. K\u0131sa s\u00fcrede olay yerine gelen sa\u011fl\u0131k ekipleri yaral\u0131 s\u00fcr\u00fcc\u00fcye ilk m\u00fcdahaleyi yaparak ambulansla Milas Devlet Hastanesi\u2019ne kald\u0131rd\u0131. Hastanede tedavi alt\u0131na al\u0131nan yaral\u0131n\u0131n sa\u011fl\u0131k durumunun iyi oldu\u011fu \u00f6\u011frenildi.<br \/>\n<br \/>Olayla ilgili soru\u015fturma s\u00fcr\u00fcyor.<br \/><\/p>\n","protected":false},"excerpt":{"rendered":"<p>Mu\u011fla\u2019n\u0131n Milas il\u00e7esinde otomobil ve motosikletin \u00e7arp\u0131\u015fmas\u0131 sonucu meydana gelen trafik kazas\u0131nda 1 ki\u015fi yaraland\u0131. Kaza, 19 May\u0131s Bulvar\u0131 \u00fczerinde meydana geldi. Edinilen bilgiye g\u00f6re, seyir halindeki otomobil ile motosikletin hen\u00fcz bilinmeyen bir nedenle \u00e7arp\u0131\u015fmas\u0131 sonucu savrulan motosikletten d\u00fc\u015fen s\u00fcr\u00fcc\u00fc yaraland\u0131. Kazay\u0131 g\u00f6ren vatanda\u015flar durumu 112 Acil \u00c7a\u011fr\u0131 Merkezi\u2019ne bildirdi. \u0130hbar \u00fczerine b\u00f6lgeye sa\u011fl\u0131k ve&#8230;<\/p>\n","protected":false},"author":1,"featured_media":36096,"comment_status":"open","ping_status":"open","sticky":false,"template":"","format":"standard","meta":{"_crdt_document":"","footnotes":""},"categories":[5],"tags":[],"class_list":["post-36095","post","type-post","status-publish","format-standard","has-post-thumbnail","hentry","category-asayis"],"_links":{"self":[{"href":"https:\/\/www.egemtv.com\/index.php?rest_route=\/wp\/v2\/posts\/36095","targetHints":{"allow":["GET"]}}],"collection":[{"href":"https:\/\/www.egemtv.com\/index.php?rest_route=\/wp\/v2\/posts"}],"about":[{"href":"https:\/\/www.egemtv.com\/index.php?rest_route=\/wp\/v2\/types\/post"}],"author":[{"embeddable":true,"href":"https:\/\/www.egemtv.com\/index.php?rest_route=\/wp\/v2\/users\/1"}],"replies":[{"embeddable":true,"href":"https:\/\/www.egemtv.com\/index.php?rest_route=%2Fwp%2Fv2%2Fcomments&post=36095"}],"version-history":[{"count":1,"href":"https:\/\/www.egemtv.com\/index.php?rest_route=\/wp\/v2\/posts\/36095\/revisions"}],"predecessor-version":[{"id":36097,"href":"https:\/\/www.egemtv.com\/index.php?rest_route=\/wp\/v2\/posts\/36095\/revisions\/36097"}],"wp:featuredmedia":[{"embeddable":true,"href":"https:\/\/www.egemtv.com\/index.php?rest_route=\/wp\/v2\/media\/36096"}],"wp:attachment":[{"href":"https:\/\/www.egemtv.com\/index.php?rest_route=%2Fwp%2Fv2%2Fmedia&parent=36095"}],"wp:term":[{"taxonomy":"category","embeddable":true,"href":"https:\/\/www.egemtv.com\/index.php?rest_route=%2Fwp%2Fv2%2Fcategories&post=36095"},{"taxonomy":"post_tag","embeddable":true,"href":"https:\/\/www.egemtv.com\/index.php?rest_route=%2Fwp%2Fv2%2Ftags&post=36095"}],"curies":[{"name":"wp","href":"https:\/\/api.w.org\/{rel}","templated":true}]}}