{"id":36092,"date":"2025-06-18T20:54:52","date_gmt":"2025-06-18T17:54:52","guid":{"rendered":"https:\/\/www.egemtv.com\/?p=36092"},"modified":"2025-06-18T20:54:55","modified_gmt":"2025-06-18T17:54:55","slug":"kontrolden-cikan-arac-menfeze-savruldu-1-olu-2-yarali","status":"publish","type":"post","link":"https:\/\/www.egemtv.com\/?p=36092","title":{"rendered":"Kontrolden \u00e7\u0131kan ara\u00e7 menfeze savruldu: 1 \u00f6l\u00fc, 2 yaral\u0131"},"content":{"rendered":"<p>Manisa\u2019n\u0131n Akhisar il\u00e7esinde s\u00fcr\u00fcc\u00fcs\u00fcn\u00fcn direksiyon hakimiyetini kaybetti\u011fi otomobil menfeze savruldu. Kazada 12 ya\u015f\u0131ndaki \u00e7ocuk hayat\u0131n\u0131 kaybetti, 2 ki\u015fi yaraland\u0131.<br \/>\n<br \/>Kaza, Akhisar-S\u0131nd\u0131rg\u0131 Karayolu \u00fczerindeki Ba\u015flam\u0131\u015f Mahallesi Dikmenda\u011f\u0131 mevkiinde saat 16.40 s\u0131ralar\u0131nda meydana geldi. Edinilen bilgiye g\u00f6re, S\u0131nd\u0131rg\u0131 y\u00f6n\u00fcnden Akhisar istikametine seyir halinde olan E.V. y\u00f6netimindeki 35 NEN 35 plakal\u0131 otomobil, s\u00fcr\u00fcc\u00fcs\u00fcn\u00fcn direksiyon h\u00e2kimiyetini kaybetmesi sonucu kontrolden \u00e7\u0131karak yolun sol taraf\u0131nda bulunan menfeze savruldu.<br \/>\n<br \/>Tek tarafl\u0131 meydana gelen kazada, s\u00fcr\u00fcc\u00fc olan anne E.V. ile yolcu olarak bulunan baba M.A.V. yaralan\u0131rken, ara\u00e7ta bulunan 12 ya\u015f\u0131ndaki k\u0131zlar\u0131 \u015eimal V. olay yerinde hayat\u0131n\u0131 kaybetti.<br \/>\n<br \/>Yaral\u0131lar, ihbar \u00fczerine olay yerine gelen ambulansla hastaneye kald\u0131r\u0131ld\u0131. Hayat\u0131n\u0131 kaybeden k\u00fc\u00e7\u00fck \u00e7ocu\u011fun cenazesi, savc\u0131l\u0131k incelemesinin ard\u0131ndan morga kald\u0131r\u0131ld\u0131.<br \/>\n<br \/>Jandarma ekipleri kazayla ilgili inceleme ba\u015flatt\u0131.<br \/><\/p>\n","protected":false},"excerpt":{"rendered":"<p>Manisa\u2019n\u0131n Akhisar il\u00e7esinde s\u00fcr\u00fcc\u00fcs\u00fcn\u00fcn direksiyon hakimiyetini kaybetti\u011fi otomobil menfeze savruldu. Kazada 12 ya\u015f\u0131ndaki \u00e7ocuk hayat\u0131n\u0131 kaybetti, 2 ki\u015fi yaraland\u0131. Kaza, Akhisar-S\u0131nd\u0131rg\u0131 Karayolu \u00fczerindeki Ba\u015flam\u0131\u015f Mahallesi Dikmenda\u011f\u0131 mevkiinde saat 16.40 s\u0131ralar\u0131nda meydana geldi. Edinilen bilgiye g\u00f6re, S\u0131nd\u0131rg\u0131 y\u00f6n\u00fcnden Akhisar istikametine seyir halinde olan E.V. y\u00f6netimindeki 35 NEN 35 plakal\u0131 otomobil, s\u00fcr\u00fcc\u00fcs\u00fcn\u00fcn direksiyon h\u00e2kimiyetini kaybetmesi sonucu kontrolden&#8230;<\/p>\n","protected":false},"author":1,"featured_media":36093,"comment_status":"open","ping_status":"open","sticky":false,"template":"","format":"standard","meta":{"_crdt_document":"","footnotes":""},"categories":[5],"tags":[],"class_list":["post-36092","post","type-post","status-publish","format-standard","has-post-thumbnail","hentry","category-asayis"],"_links":{"self":[{"href":"https:\/\/www.egemtv.com\/index.php?rest_route=\/wp\/v2\/posts\/36092","targetHints":{"allow":["GET"]}}],"collection":[{"href":"https:\/\/www.egemtv.com\/index.php?rest_route=\/wp\/v2\/posts"}],"about":[{"href":"https:\/\/www.egemtv.com\/index.php?rest_route=\/wp\/v2\/types\/post"}],"author":[{"embeddable":true,"href":"https:\/\/www.egemtv.com\/index.php?rest_route=\/wp\/v2\/users\/1"}],"replies":[{"embeddable":true,"href":"https:\/\/www.egemtv.com\/index.php?rest_route=%2Fwp%2Fv2%2Fcomments&post=36092"}],"version-history":[{"count":1,"href":"https:\/\/www.egemtv.com\/index.php?rest_route=\/wp\/v2\/posts\/36092\/revisions"}],"predecessor-version":[{"id":36094,"href":"https:\/\/www.egemtv.com\/index.php?rest_route=\/wp\/v2\/posts\/36092\/revisions\/36094"}],"wp:featuredmedia":[{"embeddable":true,"href":"https:\/\/www.egemtv.com\/index.php?rest_route=\/wp\/v2\/media\/36093"}],"wp:attachment":[{"href":"https:\/\/www.egemtv.com\/index.php?rest_route=%2Fwp%2Fv2%2Fmedia&parent=36092"}],"wp:term":[{"taxonomy":"category","embeddable":true,"href":"https:\/\/www.egemtv.com\/index.php?rest_route=%2Fwp%2Fv2%2Fcategories&post=36092"},{"taxonomy":"post_tag","embeddable":true,"href":"https:\/\/www.egemtv.com\/index.php?rest_route=%2Fwp%2Fv2%2Ftags&post=36092"}],"curies":[{"name":"wp","href":"https:\/\/api.w.org\/{rel}","templated":true}]}}