{"id":36089,"date":"2025-06-18T20:54:48","date_gmt":"2025-06-18T17:54:48","guid":{"rendered":"https:\/\/www.egemtv.com\/?p=36089"},"modified":"2025-06-18T20:54:52","modified_gmt":"2025-06-18T17:54:52","slug":"turkiye-satranc-federasyonundan-iztoya-ziyaret","status":"publish","type":"post","link":"https:\/\/www.egemtv.com\/?p=36089","title":{"rendered":"T\u00fcrkiye Satran\u00e7 Federasyonu\u2019ndan, \u0130ZTO\u2019ya ziyaret"},"content":{"rendered":"<p>T\u00fcrkiye Satran\u00e7 Federasyonu Ba\u015fkan\u0131 Fethi Apayd\u0131n ve beraberindeki heyet, \u0130zmir Ticaret Odas\u0131 (\u0130ZTO) Ba\u015fkan\u0131 Mahmut \u00d6zgener\u2019i makam\u0131nda ziyaret etti.<br \/>\n<br \/>T\u00fcrkiye Satran\u00e7 Federasyonu, \u0130zmir Ticaret Odas\u0131 Ba\u015fkan\u0131 Mahmut \u00d6zgener\u2019i ziyaret etti. Ziyarette T\u00fcrkiye Satran\u00e7 Federasyonu Ba\u015fkan\u0131 Fethi Apayd\u0131n, y\u00f6netim kurulu \u00fcyeleri Alper Efe Ataman, \u0130nan\u00e7 Din\u00e7soy ve Kadir A\u00e7\u0131kba\u015flar yer ald\u0131. \u0130ZTO y\u00f6netim kurulu \u00fcyelerinin de kat\u0131ld\u0131\u011f\u0131 g\u00f6r\u00fc\u015fmede gelecek d\u00f6nem ve turnuvalar hakk\u0131nda kar\u015f\u0131l\u0131kl\u0131 g\u00f6r\u00fc\u015fler payla\u015f\u0131ld\u0131.<br \/><\/p>\n","protected":false},"excerpt":{"rendered":"<p>T\u00fcrkiye Satran\u00e7 Federasyonu Ba\u015fkan\u0131 Fethi Apayd\u0131n ve beraberindeki heyet, \u0130zmir Ticaret Odas\u0131 (\u0130ZTO) Ba\u015fkan\u0131 Mahmut \u00d6zgener\u2019i makam\u0131nda ziyaret etti. T\u00fcrkiye Satran\u00e7 Federasyonu, \u0130zmir Ticaret Odas\u0131 Ba\u015fkan\u0131 Mahmut \u00d6zgener\u2019i ziyaret etti. Ziyarette T\u00fcrkiye Satran\u00e7 Federasyonu Ba\u015fkan\u0131 Fethi Apayd\u0131n, y\u00f6netim kurulu \u00fcyeleri Alper Efe Ataman, \u0130nan\u00e7 Din\u00e7soy ve Kadir A\u00e7\u0131kba\u015flar yer ald\u0131. \u0130ZTO y\u00f6netim kurulu \u00fcyelerinin de&#8230;<\/p>\n","protected":false},"author":1,"featured_media":36090,"comment_status":"open","ping_status":"open","sticky":false,"template":"","format":"standard","meta":{"_crdt_document":"","footnotes":""},"categories":[4],"tags":[],"class_list":["post-36089","post","type-post","status-publish","format-standard","has-post-thumbnail","hentry","category-spor"],"_links":{"self":[{"href":"https:\/\/www.egemtv.com\/index.php?rest_route=\/wp\/v2\/posts\/36089","targetHints":{"allow":["GET"]}}],"collection":[{"href":"https:\/\/www.egemtv.com\/index.php?rest_route=\/wp\/v2\/posts"}],"about":[{"href":"https:\/\/www.egemtv.com\/index.php?rest_route=\/wp\/v2\/types\/post"}],"author":[{"embeddable":true,"href":"https:\/\/www.egemtv.com\/index.php?rest_route=\/wp\/v2\/users\/1"}],"replies":[{"embeddable":true,"href":"https:\/\/www.egemtv.com\/index.php?rest_route=%2Fwp%2Fv2%2Fcomments&post=36089"}],"version-history":[{"count":1,"href":"https:\/\/www.egemtv.com\/index.php?rest_route=\/wp\/v2\/posts\/36089\/revisions"}],"predecessor-version":[{"id":36091,"href":"https:\/\/www.egemtv.com\/index.php?rest_route=\/wp\/v2\/posts\/36089\/revisions\/36091"}],"wp:featuredmedia":[{"embeddable":true,"href":"https:\/\/www.egemtv.com\/index.php?rest_route=\/wp\/v2\/media\/36090"}],"wp:attachment":[{"href":"https:\/\/www.egemtv.com\/index.php?rest_route=%2Fwp%2Fv2%2Fmedia&parent=36089"}],"wp:term":[{"taxonomy":"category","embeddable":true,"href":"https:\/\/www.egemtv.com\/index.php?rest_route=%2Fwp%2Fv2%2Fcategories&post=36089"},{"taxonomy":"post_tag","embeddable":true,"href":"https:\/\/www.egemtv.com\/index.php?rest_route=%2Fwp%2Fv2%2Ftags&post=36089"}],"curies":[{"name":"wp","href":"https:\/\/api.w.org\/{rel}","templated":true}]}}