{"id":36086,"date":"2025-06-18T20:54:44","date_gmt":"2025-06-18T17:54:44","guid":{"rendered":"https:\/\/www.egemtv.com\/?p=36086"},"modified":"2025-06-18T20:54:48","modified_gmt":"2025-06-18T17:54:48","slug":"kocarlidaki-orman-yangini-kontrol-altina-alindi","status":"publish","type":"post","link":"https:\/\/www.egemtv.com\/?p=36086","title":{"rendered":"Ko\u00e7arl\u0131\u2019daki orman yang\u0131n\u0131 kontrol alt\u0131na al\u0131nd\u0131"},"content":{"rendered":"<p>Ayd\u0131n\u2019\u0131n Ko\u00e7arl\u0131 il\u00e7esinde f\u0131st\u0131k \u00e7amlar\u0131n\u0131n bulundu\u011fu ormanl\u0131k alanda \u00e7\u0131kan yang\u0131n, ekiplerin havadan ve karadan h\u0131zl\u0131 m\u00fcdahalesi ile s\u00f6nd\u00fcr\u00fcld\u00fc.<\/p>\n<p>Yang\u0131n, Yenik\u00f6y Mahallesi\u2019nde f\u0131st\u0131k \u00e7amlar\u0131n\u0131n bulundu\u011fu ormanl\u0131k alanda meydana geldi. Edinilen bilgiye g\u00f6re, ormanl\u0131k alanda hen\u00fcz bilinmeyen bir nedenle yang\u0131n \u00e7\u0131kt\u0131. Alevleri g\u00f6ren vatanda\u015flar durumu 112 Acil \u00c7a\u011fr\u0131 Merkezi\u2019ne bildirdi. \u0130hbar \u00fczerine b\u00f6lgeye \u00e7ok say\u0131da itfaiye ve orman ekibi sevk edildi. K\u0131sa s\u00fcrede b\u00f6lgeye gelen ekipler, alevleri kontrol alt\u0131na almak i\u00e7in m\u00fcdahaleye ba\u015flad\u0131. Havadan ve karadan yap\u0131lan yo\u011fun m\u00fcdahale ile yang\u0131n kontrol alt\u0131na al\u0131n\u0131rken, b\u00f6lgede so\u011futma \u00e7al\u0131\u015fmalar\u0131 devam ediyor.<br \/><\/p>\n","protected":false},"excerpt":{"rendered":"<p>Ayd\u0131n\u2019\u0131n Ko\u00e7arl\u0131 il\u00e7esinde f\u0131st\u0131k \u00e7amlar\u0131n\u0131n bulundu\u011fu ormanl\u0131k alanda \u00e7\u0131kan yang\u0131n, ekiplerin havadan ve karadan h\u0131zl\u0131 m\u00fcdahalesi ile s\u00f6nd\u00fcr\u00fcld\u00fc. Yang\u0131n, Yenik\u00f6y Mahallesi\u2019nde f\u0131st\u0131k \u00e7amlar\u0131n\u0131n bulundu\u011fu ormanl\u0131k alanda meydana geldi. Edinilen bilgiye g\u00f6re, ormanl\u0131k alanda hen\u00fcz bilinmeyen bir nedenle yang\u0131n \u00e7\u0131kt\u0131. Alevleri g\u00f6ren vatanda\u015flar durumu 112 Acil \u00c7a\u011fr\u0131 Merkezi\u2019ne bildirdi. \u0130hbar \u00fczerine b\u00f6lgeye \u00e7ok say\u0131da itfaiye ve&#8230;<\/p>\n","protected":false},"author":1,"featured_media":36087,"comment_status":"open","ping_status":"open","sticky":false,"template":"","format":"standard","meta":{"_crdt_document":"","footnotes":""},"categories":[5],"tags":[],"class_list":["post-36086","post","type-post","status-publish","format-standard","has-post-thumbnail","hentry","category-asayis"],"_links":{"self":[{"href":"https:\/\/www.egemtv.com\/index.php?rest_route=\/wp\/v2\/posts\/36086","targetHints":{"allow":["GET"]}}],"collection":[{"href":"https:\/\/www.egemtv.com\/index.php?rest_route=\/wp\/v2\/posts"}],"about":[{"href":"https:\/\/www.egemtv.com\/index.php?rest_route=\/wp\/v2\/types\/post"}],"author":[{"embeddable":true,"href":"https:\/\/www.egemtv.com\/index.php?rest_route=\/wp\/v2\/users\/1"}],"replies":[{"embeddable":true,"href":"https:\/\/www.egemtv.com\/index.php?rest_route=%2Fwp%2Fv2%2Fcomments&post=36086"}],"version-history":[{"count":1,"href":"https:\/\/www.egemtv.com\/index.php?rest_route=\/wp\/v2\/posts\/36086\/revisions"}],"predecessor-version":[{"id":36088,"href":"https:\/\/www.egemtv.com\/index.php?rest_route=\/wp\/v2\/posts\/36086\/revisions\/36088"}],"wp:featuredmedia":[{"embeddable":true,"href":"https:\/\/www.egemtv.com\/index.php?rest_route=\/wp\/v2\/media\/36087"}],"wp:attachment":[{"href":"https:\/\/www.egemtv.com\/index.php?rest_route=%2Fwp%2Fv2%2Fmedia&parent=36086"}],"wp:term":[{"taxonomy":"category","embeddable":true,"href":"https:\/\/www.egemtv.com\/index.php?rest_route=%2Fwp%2Fv2%2Fcategories&post=36086"},{"taxonomy":"post_tag","embeddable":true,"href":"https:\/\/www.egemtv.com\/index.php?rest_route=%2Fwp%2Fv2%2Ftags&post=36086"}],"curies":[{"name":"wp","href":"https:\/\/api.w.org\/{rel}","templated":true}]}}